{"id":9981,"date":"2022-05-24T10:57:14","date_gmt":"2022-05-24T14:57:14","guid":{"rendered":"https:\/\/chrs.dev.uqam.ca\/?p=9981"},"modified":"2022-05-24T10:57:15","modified_gmt":"2022-05-24T14:57:15","slug":"catherine-larochelle-remporte-le-prix-clio-quebec-de-la-shc","status":"publish","type":"post","link":"https:\/\/chrs.uqam.ca\/index.php\/2022\/05\/24\/catherine-larochelle-remporte-le-prix-clio-quebec-de-la-shc\/","title":{"rendered":"Catherine Larochelle remporte le prix Clio Qu\u00e9bec de la SHC"},"content":{"rendered":"\n<p>La Soci\u00e9t\u00e9 historique du Canada d\u00e9cerne chaque ann\u00e9e plusieurs prix qui visent \u00e0 promouvoir l&rsquo;excellence de la recherche en histoire au pays. Les prix Clio sont remis aux meilleurs livres d&rsquo;histoire r\u00e9gionale, ainsi qu&rsquo;aux personnes ou soci\u00e9t\u00e9s historiques qui ont apport\u00e9 une contribution significative \u00e0 l&rsquo;histoire locale et r\u00e9gionale.<\/p>\n\n\n\n<p>Cette ann\u00e9e, Catherine Larochelle, membre r\u00e9guli\u00e8re du CHRS, a remport\u00e9 le prix Clio pour son ouvrage <em>L\u2019\u00e9cole du racisme. La construction de l\u2019alt\u00e9rit\u00e9 \u00e0 l\u2019\u00e9cole qu\u00e9b\u00e9coise (1830-1915).\u00a0<\/em>Le CHRS tient \u00e0 la f\u00e9liciter chaleureusement!<\/p>\n\n\n\n<p><em>\u00ab Fruit d\u2019une recherche remarquable par son ampleur et sa profondeur, ce livre nous fait percevoir l\u2019Autre \u2013 l\u2019Indien, le Musulman, le Chinois \u2013 tel qu\u2019il \u00e9tait pr\u00e9sent\u00e9 aux jeunes francophones et anglophones du Qu\u00e9bec sur une p\u00e9riode de presque un si\u00e8cle. Cette analyse de la fabrication du racisme nous fait comprendre comment, dans ce regard sur autrui, les clivages linguistiques traditionnels font plut\u00f4t place \u00e0 des mises en opposition civilisationnelles dans le cadre d\u2019une vision imp\u00e9riale et de mont\u00e9e des nationalismes. Contrairement \u00e0 une perception centr\u00e9e sur le Qu\u00e9bec, on voit bien \u00e0 travers le livre comment les \u00e9l\u00e8ves sont appel\u00e9s \u00e0 s\u2019inscrire dans le monde, mais dans une perspective raciste. \u00bb<\/em><br>&#8211; Soci\u00e9t\u00e9 historique du Canada<\/p>\n\n\n\n<p><a href=\"https:\/\/cha-shc.ca\/francais\/ce-que-nous-faisons\/prix\" target=\"_blank\" rel=\"noreferrer noopener\" aria-label=\"Pour consulter la liste des laur\u00e9at.e.s (s\u2019ouvre dans un nouvel onglet)\">Pour consulter la liste des laur\u00e9at.e.s<\/a><\/p>\n","protected":false},"excerpt":{"rendered":"<p>La Soci\u00e9t\u00e9 historique du Canada d\u00e9cerne chaque ann\u00e9e plusieurs prix qui visent \u00e0 promouvoir l&rsquo;excellence de la recherche en histoire au pays. Les prix Clio sont remis aux meilleurs livres&#8230;<\/p>\n","protected":false},"author":11,"featured_media":9649,"comment_status":"closed","ping_status":"closed","sticky":false,"template":"","format":"standard","meta":{"_monsterinsights_skip_tracking":false,"_monsterinsights_sitenote_active":false,"_monsterinsights_sitenote_note":"","_monsterinsights_sitenote_category":0,"footnotes":""},"categories":[3],"tags":[43],"class_list":["post-9981","post","type-post","status-publish","format-standard","has-post-thumbnail","hentry","category-actualites","tag-catherine-larochelle"],"_links":{"self":[{"href":"https:\/\/chrs.uqam.ca\/index.php\/wp-json\/wp\/v2\/posts\/9981","targetHints":{"allow":["GET"]}}],"collection":[{"href":"https:\/\/chrs.uqam.ca\/index.php\/wp-json\/wp\/v2\/posts"}],"about":[{"href":"https:\/\/chrs.uqam.ca\/index.php\/wp-json\/wp\/v2\/types\/post"}],"author":[{"embeddable":true,"href":"https:\/\/chrs.uqam.ca\/index.php\/wp-json\/wp\/v2\/users\/11"}],"replies":[{"embeddable":true,"href":"https:\/\/chrs.uqam.ca\/index.php\/wp-json\/wp\/v2\/comments?post=9981"}],"version-history":[{"count":0,"href":"https:\/\/chrs.uqam.ca\/index.php\/wp-json\/wp\/v2\/posts\/9981\/revisions"}],"wp:featuredmedia":[{"embeddable":true,"href":"https:\/\/chrs.uqam.ca\/index.php\/wp-json\/wp\/v2\/media\/9649"}],"wp:attachment":[{"href":"https:\/\/chrs.uqam.ca\/index.php\/wp-json\/wp\/v2\/media?parent=9981"}],"wp:term":[{"taxonomy":"category","embeddable":true,"href":"https:\/\/chrs.uqam.ca\/index.php\/wp-json\/wp\/v2\/categories?post=9981"},{"taxonomy":"post_tag","embeddable":true,"href":"https:\/\/chrs.uqam.ca\/index.php\/wp-json\/wp\/v2\/tags?post=9981"}],"curies":[{"name":"wp","href":"https:\/\/api.w.org\/{rel}","templated":true}]}}