{"id":9924,"date":"2022-05-04T10:30:16","date_gmt":"2022-05-04T14:30:16","guid":{"rendered":"https:\/\/chrs.dev.uqam.ca\/?p=9924"},"modified":"2022-05-04T10:30:17","modified_gmt":"2022-05-04T14:30:17","slug":"julie-francoeur-et-marie-laurence-raby-participent-au-27e-colloque-etudiant-du-cieq","status":"publish","type":"post","link":"https:\/\/chrs.uqam.ca\/index.php\/2022\/05\/04\/julie-francoeur-et-marie-laurence-raby-participent-au-27e-colloque-etudiant-du-cieq\/","title":{"rendered":"Julie Francoeur et Marie-Laurence Raby participent au 27e colloque \u00e9tudiant du CIEQ"},"content":{"rendered":"\n<p>Le CIEQ tiendra ce vendredi 6 mai son 27e colloque \u00e9tudiant, qui se tient cette ann\u00e9e sous le th\u00e8me \u00ab Le Qu\u00e9bec en interactions: institutions, groupes et individus \u00bb. L\u2019\u00e9tude des interactions, et surtout du contexte dans lequel elles se produisent, permet d\u2019aborder les notions de collaboration, de mobilisation, mais aussi de rapports de force et de conflits.<\/p>\n\n\n\n<p>Deux membres \u00e9tudiantes du CHRS participeront \u00e0 l&rsquo;\u00e9v\u00e9nement:<\/p>\n\n\n\n<p>Julie Francoeur, \u00ab Parcours de p\u00e9nitentes et de \u00abmadeleines\u00bb qu\u00e9b\u00e9coises: dynamiques d\u2019interaction et de r\u00e9sistance \u00e0 la Maison Sainte-Madeleine de Qu\u00e9bec (1850-1924) \u00bb<\/p>\n\n\n\n<p>Marie-Laurence Raby, \u00ab Les groupes f\u00e9ministes et l\u2019\u00c9tat qu\u00e9b\u00e9cois: avorter \u00e0 l\u2019\u00e9tranger pour contourner la\u00a0r\u00e9pression de l\u2019avortement libre au Qu\u00e9bec (1973-1976) \u00bb<\/p>\n\n\n\n<p><a href=\"https:\/\/images.cieq.ca\/CIEQ_WEB\/multimedia\/PROG-27e-CollEtudCIEQ-2022-04-25-C.pdf\" target=\"_blank\" rel=\"noreferrer noopener\" aria-label=\"Pour consulter le programme complet (s\u2019ouvre dans un nouvel onglet)\">Pour consulter le programme complet<\/a><\/p>\n","protected":false},"excerpt":{"rendered":"<p>Le CIEQ tiendra ce vendredi 6 mai son 27e colloque \u00e9tudiant, qui se tient cette ann\u00e9e sous le th\u00e8me \u00ab Le Qu\u00e9bec en interactions: institutions, groupes et individus \u00bb. L\u2019\u00e9tude&#8230;<\/p>\n","protected":false},"author":11,"featured_media":9926,"comment_status":"closed","ping_status":"closed","sticky":false,"template":"","format":"standard","meta":{"_monsterinsights_skip_tracking":false,"_monsterinsights_sitenote_active":false,"_monsterinsights_sitenote_note":"","_monsterinsights_sitenote_category":0,"footnotes":""},"categories":[3,5],"tags":[579,581],"class_list":["post-9924","post","type-post","status-publish","format-standard","has-post-thumbnail","hentry","category-actualites","category-colloques-et-conferences","tag-julie-francoeur","tag-marie-laurence-raby"],"_links":{"self":[{"href":"https:\/\/chrs.uqam.ca\/index.php\/wp-json\/wp\/v2\/posts\/9924","targetHints":{"allow":["GET"]}}],"collection":[{"href":"https:\/\/chrs.uqam.ca\/index.php\/wp-json\/wp\/v2\/posts"}],"about":[{"href":"https:\/\/chrs.uqam.ca\/index.php\/wp-json\/wp\/v2\/types\/post"}],"author":[{"embeddable":true,"href":"https:\/\/chrs.uqam.ca\/index.php\/wp-json\/wp\/v2\/users\/11"}],"replies":[{"embeddable":true,"href":"https:\/\/chrs.uqam.ca\/index.php\/wp-json\/wp\/v2\/comments?post=9924"}],"version-history":[{"count":0,"href":"https:\/\/chrs.uqam.ca\/index.php\/wp-json\/wp\/v2\/posts\/9924\/revisions"}],"wp:featuredmedia":[{"embeddable":true,"href":"https:\/\/chrs.uqam.ca\/index.php\/wp-json\/wp\/v2\/media\/9926"}],"wp:attachment":[{"href":"https:\/\/chrs.uqam.ca\/index.php\/wp-json\/wp\/v2\/media?parent=9924"}],"wp:term":[{"taxonomy":"category","embeddable":true,"href":"https:\/\/chrs.uqam.ca\/index.php\/wp-json\/wp\/v2\/categories?post=9924"},{"taxonomy":"post_tag","embeddable":true,"href":"https:\/\/chrs.uqam.ca\/index.php\/wp-json\/wp\/v2\/tags?post=9924"}],"curies":[{"name":"wp","href":"https:\/\/api.w.org\/{rel}","templated":true}]}}