{"id":9895,"date":"2022-04-20T09:25:19","date_gmt":"2022-04-20T13:25:19","guid":{"rendered":"https:\/\/chrs.dev.uqam.ca\/?p=9895"},"modified":"2022-04-20T09:25:20","modified_gmt":"2022-04-20T13:25:20","slug":"participation-de-donald-fyson-et-anne-marie-dubreuil-a-lacfas-2022","status":"publish","type":"post","link":"https:\/\/chrs.uqam.ca\/index.php\/2022\/04\/20\/participation-de-donald-fyson-et-anne-marie-dubreuil-a-lacfas-2022\/","title":{"rendered":"Participation de Donald Fyson et Anne-Marie Dubreuil \u00e0 l\u2019ACFAS 2022"},"content":{"rendered":"\n<p> Le 89<sup>e<\/sup>\u00a0Congr\u00e8s de l&rsquo;ACFAS, organis\u00e9 en collaboration avec l&rsquo;Universit\u00e9 Laval, se d\u00e9roulera du 9 au 13\u00a0mai 2022\u00a0sous le th\u00e8me \u00ab Sciences, innovations et soci\u00e9t\u00e9s \u00bb.\u00a0Il regroupera une semaine compl\u00e8te d&rsquo;\u00e9v\u00e9nements, de colloques et de discussions sur la recherche et les savoirs. Donald Fyson, membre r\u00e9gulier du CHRS, et Anne-Marie Dubreuil, membre \u00e9tudiante, y participeront tous les deux. <\/p>\n\n\n\n<p>Dans la th\u00e9matique \u00ab Nature, transformation et gouvernance de la soci\u00e9t\u00e9 et des institutions \u00bb, Anne-Marie Dubreuil donnera une communication libre intitul\u00e9e \u00ab L&rsquo;intendance sociale du capital : philanthropie d&rsquo;entreprise et h\u00f4pitaux g\u00e9n\u00e9raux montr\u00e9alais, 1880-1915 \u00bb.<\/p>\n\n\n\n<p>Quant \u00e0 Donald Fyson, il participera le 10 mai au colloque \u00ab Le droit et la justice comme laboratoires de participation citoyenne \u00bb. Sa communication s&rsquo;intitule \u00ab Participation citoyenne et justice criminelle au Qu\u00e9bec, 1764-1933 \u00bb.<\/p>\n\n\n\n<p><a href=\"https:\/\/www.acfas.ca\/evenements\/congres\/programme\" target=\"_blank\" rel=\"noreferrer noopener\" aria-label=\"Pour voir le programme complet (s\u2019ouvre dans un nouvel onglet)\">Pour voir le programme complet<\/a><\/p>\n\n\n\n<p><a rel=\"noreferrer noopener\" target=\"_blank\" href=\"https:\/\/www.acfas.ca\/user\/90017\"><\/a><\/p>\n","protected":false},"excerpt":{"rendered":"<p>Le 89e\u00a0Congr\u00e8s de l&rsquo;ACFAS, organis\u00e9 en collaboration avec l&rsquo;Universit\u00e9 Laval, se d\u00e9roulera du 9 au 13\u00a0mai 2022\u00a0sous le th\u00e8me \u00ab Sciences, innovations et soci\u00e9t\u00e9s \u00bb.\u00a0Il regroupera une semaine compl\u00e8te d&rsquo;\u00e9v\u00e9nements,&#8230;<\/p>\n","protected":false},"author":11,"featured_media":9896,"comment_status":"closed","ping_status":"closed","sticky":false,"template":"","format":"standard","meta":{"_monsterinsights_skip_tracking":false,"_monsterinsights_sitenote_active":false,"_monsterinsights_sitenote_note":"","_monsterinsights_sitenote_category":0,"footnotes":""},"categories":[3,5],"tags":[580,15],"class_list":["post-9895","post","type-post","status-publish","format-standard","has-post-thumbnail","hentry","category-actualites","category-colloques-et-conferences","tag-anne-marie-dubreuil","tag-donald-fyson"],"_links":{"self":[{"href":"https:\/\/chrs.uqam.ca\/index.php\/wp-json\/wp\/v2\/posts\/9895","targetHints":{"allow":["GET"]}}],"collection":[{"href":"https:\/\/chrs.uqam.ca\/index.php\/wp-json\/wp\/v2\/posts"}],"about":[{"href":"https:\/\/chrs.uqam.ca\/index.php\/wp-json\/wp\/v2\/types\/post"}],"author":[{"embeddable":true,"href":"https:\/\/chrs.uqam.ca\/index.php\/wp-json\/wp\/v2\/users\/11"}],"replies":[{"embeddable":true,"href":"https:\/\/chrs.uqam.ca\/index.php\/wp-json\/wp\/v2\/comments?post=9895"}],"version-history":[{"count":0,"href":"https:\/\/chrs.uqam.ca\/index.php\/wp-json\/wp\/v2\/posts\/9895\/revisions"}],"wp:featuredmedia":[{"embeddable":true,"href":"https:\/\/chrs.uqam.ca\/index.php\/wp-json\/wp\/v2\/media\/9896"}],"wp:attachment":[{"href":"https:\/\/chrs.uqam.ca\/index.php\/wp-json\/wp\/v2\/media?parent=9895"}],"wp:term":[{"taxonomy":"category","embeddable":true,"href":"https:\/\/chrs.uqam.ca\/index.php\/wp-json\/wp\/v2\/categories?post=9895"},{"taxonomy":"post_tag","embeddable":true,"href":"https:\/\/chrs.uqam.ca\/index.php\/wp-json\/wp\/v2\/tags?post=9895"}],"curies":[{"name":"wp","href":"https:\/\/api.w.org\/{rel}","templated":true}]}}