{"id":9866,"date":"2022-04-05T13:21:26","date_gmt":"2022-04-05T17:21:26","guid":{"rendered":"https:\/\/chrs.dev.uqam.ca\/?p=9866"},"modified":"2022-04-08T13:23:22","modified_gmt":"2022-04-08T17:23:22","slug":"aline-charles-obtient-une-bourse-dialogue-du-frq-pour-son-projet-de-webdocumentaire-sur-lhistoire-du-vieillir","status":"publish","type":"post","link":"https:\/\/chrs.uqam.ca\/index.php\/2022\/04\/05\/aline-charles-obtient-une-bourse-dialogue-du-frq-pour-son-projet-de-webdocumentaire-sur-lhistoire-du-vieillir\/","title":{"rendered":"Aline Charles obtient une bourse Dialogue du FRQ pour son projet de webdocumentaire sur l&rsquo;histoire du vieillir"},"content":{"rendered":"\n<p>Aline Charles,\nmembre r\u00e9guli\u00e8re du CHRS et professeure \u00e0 l\u2019Universit\u00e9 d\u2019Ottawa, collabore avec\nAlexandre Klein (UOttawa) pour la cr\u00e9ation d\u2019un webdocumentaire interactif sur\nl\u2019histoire du vieillir en institution. Le CHRS tient aujourd\u2019hui \u00e0 les f\u00e9liciter\npour l\u2019obtention d\u2019une subvention du programme Dialogue du FRQ, qui a pour but\nd\u2019encourager la \u00ab communaut\u00e9 scientifique \u00e0 communiquer et interagir avec le\ngrand public \u00e0 propos de ses travaux, ses r\u00e9sultats, sa d\u00e9marche scientifique,\nafin de susciter de l&rsquo;int\u00e9r\u00eat et une meilleure compr\u00e9hension de la science \u00bb.<\/p>\n\n\n\n<p>Voici la description\nd\u00e9taill\u00e9e de leur projet de webdocumentaire&nbsp;:<\/p>\n\n\n\n<p><em>Depuis mars 2020,\nles drames survenus au Qu\u00e9bec dans les r\u00e9sidences priv\u00e9es pour a\u00een\u00e9.e.s et les\ncentres d\u2019h\u00e9bergement de soins de longue dur\u00e9e (CHSLD) ont relanc\u00e9 les d\u00e9bats\nsur l\u2019institutionnalisation du dernier \u00e2ge. L\u2019ampleur de cette crise a fait de\nl\u2019histoire du vieillir en \u00e9tablissement un sujet br\u00fblant d\u2019actualit\u00e9. Or, cette\nhistoire reste m\u00e9connue. Celle des \u00ab Dames pensionnaires\u2009\u00bb qui offrirent du 17e\nau 20e si\u00e8cle leurs biens, leurs v\u00eatements ou un peu de travail \u00e0 un hospice\nreligieux afin d\u2019y vivre leurs derniers jours l\u2019est tout particuli\u00e8rement. Ce\nprojet de webdocumentaire interactif offrira donc une plong\u00e9e dans les\nhistoires individuelles de ces femmes \u00e2g\u00e9es, pr\u00e9curseures des r\u00e9sident.e.s des\nmaisons de retraite et des CHSLD actuels. Archives anim\u00e9es, capsules vid\u00e9o,\nphotos anciennes, cartes interactives et r\u00e9cits prenants \u00e9claireront avec\nsensibilit\u00e9 leur arriv\u00e9e \u00e0 l\u2019hospice, les frais qu\u2019elles y payaient ou les\nt\u00e2ches qu\u2019elles y assumaient, les relations familiales qu\u2019elles conservaient ou\nperdaient, les conditions de logement, d\u2019alimentation et de soins qu\u2019elles\nn\u00e9gociaient ou devaient supporter, les strat\u00e9gies qu\u2019elles d\u00e9ployaient pour se\npr\u00e9parer \u00e0 une \u00abbonne mort\u00bb. Leurs parcours seront situ\u00e9s dans le contexte\nmat\u00e9riel, social et spirituel de ces femmes en fin de vie, incluant l\u2019hospice,\nla communaut\u00e9 de religieuses, l\u2019espace urbain et les conceptions de la\nvieillesse f\u00e9minine<\/em>.<\/p>\n\n\n\n<p><a href=\"https:\/\/frq.gouv.qc.ca\/programme\/dialogue-volet-chercheurs-et-chercheuses-2021-2022-2\/\" target=\"_blank\" rel=\"noreferrer noopener\" aria-label=\"Pour plus de d\u00e9tails sur le programme Dialogue du FRQ (s\u2019ouvre dans un nouvel onglet)\">Pour plus de d\u00e9tails sur le programme Dialogue du FRQ<\/a><\/p>\n","protected":false},"excerpt":{"rendered":"<p>Aline Charles, membre r\u00e9guli\u00e8re du CHRS et professeure \u00e0 l\u2019Universit\u00e9 d\u2019Ottawa, collabore avec Alexandre Klein (UOttawa) pour la cr\u00e9ation d\u2019un webdocumentaire interactif sur l\u2019histoire du vieillir en institution. Le CHRS&#8230;<\/p>\n","protected":false},"author":11,"featured_media":9881,"comment_status":"closed","ping_status":"closed","sticky":false,"template":"","format":"standard","meta":{"_monsterinsights_skip_tracking":false,"_monsterinsights_sitenote_active":false,"_monsterinsights_sitenote_note":"","_monsterinsights_sitenote_category":0,"footnotes":""},"categories":[3,56],"tags":[62],"class_list":["post-9866","post","type-post","status-publish","format-standard","has-post-thumbnail","hentry","category-actualites","category-chercheures","tag-aline-charles"],"_links":{"self":[{"href":"https:\/\/chrs.uqam.ca\/index.php\/wp-json\/wp\/v2\/posts\/9866","targetHints":{"allow":["GET"]}}],"collection":[{"href":"https:\/\/chrs.uqam.ca\/index.php\/wp-json\/wp\/v2\/posts"}],"about":[{"href":"https:\/\/chrs.uqam.ca\/index.php\/wp-json\/wp\/v2\/types\/post"}],"author":[{"embeddable":true,"href":"https:\/\/chrs.uqam.ca\/index.php\/wp-json\/wp\/v2\/users\/11"}],"replies":[{"embeddable":true,"href":"https:\/\/chrs.uqam.ca\/index.php\/wp-json\/wp\/v2\/comments?post=9866"}],"version-history":[{"count":0,"href":"https:\/\/chrs.uqam.ca\/index.php\/wp-json\/wp\/v2\/posts\/9866\/revisions"}],"wp:featuredmedia":[{"embeddable":true,"href":"https:\/\/chrs.uqam.ca\/index.php\/wp-json\/wp\/v2\/media\/9881"}],"wp:attachment":[{"href":"https:\/\/chrs.uqam.ca\/index.php\/wp-json\/wp\/v2\/media?parent=9866"}],"wp:term":[{"taxonomy":"category","embeddable":true,"href":"https:\/\/chrs.uqam.ca\/index.php\/wp-json\/wp\/v2\/categories?post=9866"},{"taxonomy":"post_tag","embeddable":true,"href":"https:\/\/chrs.uqam.ca\/index.php\/wp-json\/wp\/v2\/tags?post=9866"}],"curies":[{"name":"wp","href":"https:\/\/api.w.org\/{rel}","templated":true}]}}