{"id":9820,"date":"2022-03-11T13:18:54","date_gmt":"2022-03-11T17:18:54","guid":{"rendered":"https:\/\/chrs.dev.uqam.ca\/?p=9820"},"modified":"2022-03-11T13:18:55","modified_gmt":"2022-03-11T17:18:55","slug":"participation-de-nos-membres-etudiantes-au-colloque-jean-marie-fecteau","status":"publish","type":"post","link":"https:\/\/chrs.uqam.ca\/index.php\/2022\/03\/11\/participation-de-nos-membres-etudiantes-au-colloque-jean-marie-fecteau\/","title":{"rendered":"Participation de nos membres \u00e9tudiantes au colloque Jean-Marie Fecteau"},"content":{"rendered":"\n<p>Le colloque Jean-Marie Fecteau se\ntiendra les 23, 24 et 25 mars en format hybride, \u00e0 l\u2019UQAM et sur Zoom.<\/p>\n\n\n\n<p>Deux de nos membres \u00e9tudiantes\nlivreront une pr\u00e9sentation le 25 mars:<\/p>\n\n\n\n<p>Anne-Marie Dubreuil pr\u00e9sentera \u00ab&nbsp;L&rsquo;intervention\nsociale des entreprises: int\u00e9r\u00eat, d\u00e9fis et pistes d&rsquo;une \u00e9tude historique\ncritique&nbsp;\u00bb.<\/p>\n\n\n\n<p>V\u00e9ronika Brandl-Mouton pr\u00e9sentera \u00ab\u00a0\u00ab\u00a0Pr\u00e9parer les esprits \u00e0 la n\u00e9cessit\u00e9 de ce tribunal pour l&rsquo;enfance\u00a0\u00bb: la campagne publique pour la mise en place de la Cour des jeunes d\u00e9linquants de Qu\u00e9bec, 1930-1940\u00a0\u00bb. <\/p>\n\n\n\n<p><a href=\"https:\/\/www.facebook.com\/colloqueJMF\/posts\/4841929655892838\" target=\"_blank\" rel=\"noreferrer noopener\" aria-label=\"Pour voir la programmation sur Facebook (s\u2019ouvre dans un nouvel onglet)\">Pour voir la programmation sur Facebook<\/a><\/p>\n","protected":false},"excerpt":{"rendered":"<p>Le colloque Jean-Marie Fecteau se tiendra les 23, 24 et 25 mars en format hybride, \u00e0 l\u2019UQAM et sur Zoom. Deux de nos membres \u00e9tudiantes livreront une pr\u00e9sentation le 25&#8230;<\/p>\n","protected":false},"author":11,"featured_media":9823,"comment_status":"closed","ping_status":"closed","sticky":false,"template":"","format":"standard","meta":{"_monsterinsights_skip_tracking":false,"_monsterinsights_sitenote_active":false,"_monsterinsights_sitenote_note":"","_monsterinsights_sitenote_category":0,"footnotes":""},"categories":[3,5],"tags":[580,568],"class_list":["post-9820","post","type-post","status-publish","format-standard","has-post-thumbnail","hentry","category-actualites","category-colloques-et-conferences","tag-anne-marie-dubreuil","tag-veronika-brandl-mouton"],"_links":{"self":[{"href":"https:\/\/chrs.uqam.ca\/index.php\/wp-json\/wp\/v2\/posts\/9820","targetHints":{"allow":["GET"]}}],"collection":[{"href":"https:\/\/chrs.uqam.ca\/index.php\/wp-json\/wp\/v2\/posts"}],"about":[{"href":"https:\/\/chrs.uqam.ca\/index.php\/wp-json\/wp\/v2\/types\/post"}],"author":[{"embeddable":true,"href":"https:\/\/chrs.uqam.ca\/index.php\/wp-json\/wp\/v2\/users\/11"}],"replies":[{"embeddable":true,"href":"https:\/\/chrs.uqam.ca\/index.php\/wp-json\/wp\/v2\/comments?post=9820"}],"version-history":[{"count":0,"href":"https:\/\/chrs.uqam.ca\/index.php\/wp-json\/wp\/v2\/posts\/9820\/revisions"}],"wp:featuredmedia":[{"embeddable":true,"href":"https:\/\/chrs.uqam.ca\/index.php\/wp-json\/wp\/v2\/media\/9823"}],"wp:attachment":[{"href":"https:\/\/chrs.uqam.ca\/index.php\/wp-json\/wp\/v2\/media?parent=9820"}],"wp:term":[{"taxonomy":"category","embeddable":true,"href":"https:\/\/chrs.uqam.ca\/index.php\/wp-json\/wp\/v2\/categories?post=9820"},{"taxonomy":"post_tag","embeddable":true,"href":"https:\/\/chrs.uqam.ca\/index.php\/wp-json\/wp\/v2\/tags?post=9820"}],"curies":[{"name":"wp","href":"https:\/\/api.w.org\/{rel}","templated":true}]}}