{"id":980,"date":"2013-01-06T16:48:18","date_gmt":"2013-01-06T15:48:18","guid":{"rendered":"http:\/\/chrs.cieq.ca\/?p=980"},"modified":"2017-05-02T08:54:26","modified_gmt":"2017-05-02T12:54:26","slug":"lancement-du-livre-quest-ce-quun-probleme-social-aujourdhui-dirige-par-marcelo-otero-et-shirley-roy","status":"publish","type":"post","link":"https:\/\/chrs.uqam.ca\/index.php\/2013\/01\/06\/lancement-du-livre-quest-ce-quun-probleme-social-aujourdhui-dirige-par-marcelo-otero-et-shirley-roy\/","title":{"rendered":"Lancement du livre Qu&rsquo;est-ce qu&rsquo;un probl\u00e8me social aujourd&rsquo;hui?\u00a0dirig\u00e9 par Marcelo Otero et Shirley Roy"},"content":{"rendered":"<p style=\"text-align: center\"><img loading=\"lazy\" decoding=\"async\" class=\"alignnone size-medium wp-image-981 alignleft\" src=\"http:\/\/chrs.cieq.ca\/wp-content\/uploads\/2017\/02\/probleme_social_pn-200x300.jpg\" alt=\"\" width=\"200\" height=\"300\" srcset=\"https:\/\/chrs.uqam.ca\/wp-content\/uploads\/2017\/02\/probleme_social_pn-200x300.jpg 200w, https:\/\/chrs.uqam.ca\/wp-content\/uploads\/2017\/02\/probleme_social_pn.jpg 400w\" sizes=\"auto, (max-width: 200px) 100vw, 200px\" \/><\/p>\n<p class=\"p1\"><span class=\"s1\">Le 31 janvier prochain \u00e0 17h aura lieu, au salon des professeures et professeurs (A-R415) de l&rsquo;UQAM, le lancement conjoint des livres <em>Qu&rsquo;est-ce qu&rsquo;un probl\u00e8me social aujourd&rsquo;hui?<\/em>, dirig\u00e9 par <span class=\"s2\">Marcelo Otero<\/span> &#8211; chercheur au CHRS &#8211; et Shirley Roy, et dans lequel <a href=\"http:\/\/chrs.cieq.ca\/index.php\/a-propos\/equipe\/membres-reguliers\/martin-petitclerc\/\"><span class=\"s2\">Martin Petitclerc<\/span><\/a> signe <span class=\"s2\"><a href=\"https:\/\/chrs.uqam.ca\/all-ger-mis-re-du-peuple-en-en-r-partissant-risques-construction-du-probl-me-social-maladie-dans-qu\">un article<\/a>\u00a0(\u00e0 lier aux \u00abpublications\u00bb)<\/span>, ainsi que\u00a0Entre itin\u00e9rance et fin de vie, de Dahlia Namian, tous deux publi\u00e9s aux Presses de l&rsquo;Universit\u00e9 du Qu\u00e9bec.<\/span><\/p>\n<p class=\"p1\"><span class=\"s1\"><b>Pour vous y rendre par l&rsquo;ext\u00e9rieur de l&rsquo;UQAM<\/b><\/span><\/p>\n<p class=\"p2\"><span class=\"s1\">Empruntez la rue St-Denis, entre Ste-Catherine et Ren\u00e9-L\u00e9vesque. Au 1255, rue St-Denis (au milieu du b\u00e2timent), passez sous le corridor menant \u00e0 la cour int\u00e9rieure. \u00c0 droite, passez par la double porte du fond. C&rsquo;est en face.<\/span><\/p>\n<p class=\"p1\"><span class=\"s1\"><b>Pour vous y rendre en m\u00e9tro<\/b><\/span><\/p>\n<p class=\"p2\"><span class=\"s1\">Rendez-vous au pavillon Hubert-Aquin (A). Continuez toujours tout droit, serrez \u00e0 droite. \u00c0 la caf\u00e9t\u00e9ria, prenez l&rsquo;escalier \u00e0 droite. Montez.<\/span><\/p>\n","protected":false},"excerpt":{"rendered":"<p>Le 31 janvier prochain \u00e0 17h aura lieu, au salon des professeures et professeurs (A-R415) de l&rsquo;UQAM, le lancement conjoint des livres Qu&rsquo;est-ce qu&rsquo;un probl\u00e8me social aujourd&rsquo;hui?, dirig\u00e9 par Marcelo&#8230;<\/p>\n","protected":false},"author":3,"featured_media":2202,"comment_status":"closed","ping_status":"closed","sticky":false,"template":"","format":"standard","meta":{"_monsterinsights_skip_tracking":false,"_monsterinsights_sitenote_active":false,"_monsterinsights_sitenote_note":"","_monsterinsights_sitenote_category":0,"footnotes":""},"categories":[5],"tags":[],"class_list":["post-980","post","type-post","status-publish","format-standard","has-post-thumbnail","hentry","category-colloques-et-conferences"],"_links":{"self":[{"href":"https:\/\/chrs.uqam.ca\/index.php\/wp-json\/wp\/v2\/posts\/980","targetHints":{"allow":["GET"]}}],"collection":[{"href":"https:\/\/chrs.uqam.ca\/index.php\/wp-json\/wp\/v2\/posts"}],"about":[{"href":"https:\/\/chrs.uqam.ca\/index.php\/wp-json\/wp\/v2\/types\/post"}],"author":[{"embeddable":true,"href":"https:\/\/chrs.uqam.ca\/index.php\/wp-json\/wp\/v2\/users\/3"}],"replies":[{"embeddable":true,"href":"https:\/\/chrs.uqam.ca\/index.php\/wp-json\/wp\/v2\/comments?post=980"}],"version-history":[{"count":0,"href":"https:\/\/chrs.uqam.ca\/index.php\/wp-json\/wp\/v2\/posts\/980\/revisions"}],"wp:featuredmedia":[{"embeddable":true,"href":"https:\/\/chrs.uqam.ca\/index.php\/wp-json\/wp\/v2\/media\/2202"}],"wp:attachment":[{"href":"https:\/\/chrs.uqam.ca\/index.php\/wp-json\/wp\/v2\/media?parent=980"}],"wp:term":[{"taxonomy":"category","embeddable":true,"href":"https:\/\/chrs.uqam.ca\/index.php\/wp-json\/wp\/v2\/categories?post=980"},{"taxonomy":"post_tag","embeddable":true,"href":"https:\/\/chrs.uqam.ca\/index.php\/wp-json\/wp\/v2\/tags?post=980"}],"curies":[{"name":"wp","href":"https:\/\/api.w.org\/{rel}","templated":true}]}}