{"id":9664,"date":"2022-01-19T22:33:31","date_gmt":"2022-01-20T02:33:31","guid":{"rendered":"https:\/\/chrs.dev.uqam.ca\/?p=9664"},"modified":"2022-01-19T22:35:27","modified_gmt":"2022-01-20T02:35:27","slug":"catherine-larochelle-publie-une-lettre-dopinion-dans-la-presse","status":"publish","type":"post","link":"https:\/\/chrs.uqam.ca\/index.php\/2022\/01\/19\/catherine-larochelle-publie-une-lettre-dopinion-dans-la-presse\/","title":{"rendered":"Catherine Larochelle publie une lettre d\u2019opinion dans La Presse"},"content":{"rendered":"\n<p>Catherine Larochelle, membre de l\u2019\u00e9quipe du CHRS, a publi\u00e9 dans <em>La Presse<\/em> une lettre d\u2019opinion intitul\u00e9e \u00ab\u00a0O\u00f9 sont les enfants?\u00a0\u00bb. Elle y traite des conceptions fluctuantes de l&rsquo;enfance et des enfants, dans l\u2019espace et le temps, et de la place qu\u2019on r\u00e9serve actuellement \u00e0 la voix des jeunes dans le d\u00e9bat public.<\/p>\n\n\n\n<p>\u00ab Les enfants et les jeunes occupent beaucoup de place dans le d\u00e9bat social actuel \u2013 comme sujet&nbsp;: fermeture des \u00e9coles, sant\u00e9 mentale, jeunesse sacrifi\u00e9e, r\u00e9silience, etc. Mais eux, les entend-on encore? Lorsque les historiens se pencheront sur les archives de la pand\u00e9mie dans quelques d\u00e9cennies, o\u00f9 trouveront-ils la voix des jeunes? Que perdons-nous \u00e0 ne plus leur tendre le micro, \u00e0 ne pas les impliquer dans les prises de d\u00e9cisions, dans l\u2019imagination du monde \u00ab\u00a0d\u2019apr\u00e8s\u00a0\u00bb?&nbsp;\u00bb<\/p>\n\n\n\n<p><a rel=\"noreferrer noopener\" aria-label=\"Pour lire sa lettre dans La Presse du 18 janvier (s\u2019ouvre dans un nouvel onglet)\" href=\"https:\/\/www.lapresse.ca\/debats\/opinions\/2022-01-18\/ou-sont-les-enfants.php\" target=\"_blank\">Pour lire sa lettre dans <em>La Presse<\/em> du 18 janvier<\/a><\/p>\n","protected":false},"excerpt":{"rendered":"<p>Catherine Larochelle, membre de l\u2019\u00e9quipe du CHRS, a publi\u00e9 dans La Presse une lettre d\u2019opinion intitul\u00e9e \u00ab\u00a0O\u00f9 sont les enfants?\u00a0\u00bb. Elle y traite des conceptions fluctuantes de l&rsquo;enfance et des&#8230;<\/p>\n","protected":false},"author":11,"featured_media":9649,"comment_status":"closed","ping_status":"closed","sticky":false,"template":"","format":"standard","meta":{"_monsterinsights_skip_tracking":false,"_monsterinsights_sitenote_active":false,"_monsterinsights_sitenote_note":"","_monsterinsights_sitenote_category":0,"footnotes":""},"categories":[3],"tags":[43],"class_list":["post-9664","post","type-post","status-publish","format-standard","has-post-thumbnail","hentry","category-actualites","tag-catherine-larochelle"],"_links":{"self":[{"href":"https:\/\/chrs.uqam.ca\/index.php\/wp-json\/wp\/v2\/posts\/9664","targetHints":{"allow":["GET"]}}],"collection":[{"href":"https:\/\/chrs.uqam.ca\/index.php\/wp-json\/wp\/v2\/posts"}],"about":[{"href":"https:\/\/chrs.uqam.ca\/index.php\/wp-json\/wp\/v2\/types\/post"}],"author":[{"embeddable":true,"href":"https:\/\/chrs.uqam.ca\/index.php\/wp-json\/wp\/v2\/users\/11"}],"replies":[{"embeddable":true,"href":"https:\/\/chrs.uqam.ca\/index.php\/wp-json\/wp\/v2\/comments?post=9664"}],"version-history":[{"count":0,"href":"https:\/\/chrs.uqam.ca\/index.php\/wp-json\/wp\/v2\/posts\/9664\/revisions"}],"wp:featuredmedia":[{"embeddable":true,"href":"https:\/\/chrs.uqam.ca\/index.php\/wp-json\/wp\/v2\/media\/9649"}],"wp:attachment":[{"href":"https:\/\/chrs.uqam.ca\/index.php\/wp-json\/wp\/v2\/media?parent=9664"}],"wp:term":[{"taxonomy":"category","embeddable":true,"href":"https:\/\/chrs.uqam.ca\/index.php\/wp-json\/wp\/v2\/categories?post=9664"},{"taxonomy":"post_tag","embeddable":true,"href":"https:\/\/chrs.uqam.ca\/index.php\/wp-json\/wp\/v2\/tags?post=9664"}],"curies":[{"name":"wp","href":"https:\/\/api.w.org\/{rel}","templated":true}]}}