{"id":9651,"date":"2022-01-12T14:58:38","date_gmt":"2022-01-12T18:58:38","guid":{"rendered":"https:\/\/chrs.dev.uqam.ca\/?p=9651"},"modified":"2022-05-17T12:55:26","modified_gmt":"2022-05-17T16:55:26","slug":"invitation-aux-journees-detude-cieq-tempora-sur-la-regulation-les-28-janvier-et-20-mai-2022","status":"publish","type":"post","link":"https:\/\/chrs.uqam.ca\/index.php\/2022\/01\/12\/invitation-aux-journees-detude-cieq-tempora-sur-la-regulation-les-28-janvier-et-20-mai-2022\/","title":{"rendered":"Invitation aux journ\u00e9es d\u2019\u00e9tude CIEQ-Tempora sur la r\u00e9gulation les 28 janvier et 20 mai 2022"},"content":{"rendered":"\n<p>Le\n28 janvier 2022, le Centre interuniversitaire en \u00e9tudes qu\u00e9b\u00e9coises (CI\u00c9Q) et\nle laboratoire Tempora (universit\u00e9 Rennes 2, France) vous invitent \u00e0 la premi\u00e8re\nrencontre des journ\u00e9es d\u2019\u00e9tude \u00ab&nbsp;Acteurs, espaces et politiques&nbsp;:\n\u00e9chelles et temps de la r\u00e9gulation&nbsp;\u00bb, dont notre membre Thierry Nootens\nest l\u2019un des organisateur.trices. Une seconde rencontre suivra le 20 mai 2022.<\/p>\n\n\n\n<p>Le 28 janvier, Thierry\nNootens ouvrira le s\u00e9minaire et Alexandre Lapalme, un de nos membres \u00e9tudiants,\npr\u00e9sentera \u00ab&nbsp;Dun, Wiman &amp; Co&nbsp;: une institution d\u2019autor\u00e9gulation\nde la r\u00e9putation et du cr\u00e9dit marchand \u00e0 Montr\u00e9al (1857-1872)&nbsp;\u00bb.<\/p>\n\n\n\n<p>Le 20 mai, plusieurs de nos membres offriront des pr\u00e9sentations&nbsp;:<\/p>\n\n\n\n<p>Thierry Nootens, membre r\u00e9gulier, \u00ab&nbsp;&lsquo;Et par l\u00e0 se mettre en \u00e9tat de pouvoir subvenir elle-m\u00eame \u00e0 sa propre subsistance&rsquo;&nbsp;: pr\u00e9carit\u00e9, justice civile et rapport \u00e0 l\u2019avenir au tournant du XXe si\u00e8cle en Mauricie (Qu\u00e9bec) \u00bb<\/p>\n\n\n\n<p>Simon Dufour, membre \u00e9tudiant, \u00ab\u00a0R\u00e9guler la petite criminalit\u00e9 en temps troubles\u00a0: la Cour de magistrat de Trois-Rivi\u00e8res, 1920-1950\u00a0\u00bb<\/p>\n\n\n\n<p>Catherine Tremblay, membre \u00e9tudiante et post-doctorante, \u00ab\u00a0\u00ab\u00a0\u00c9tant donn\u00e9 la diff\u00e9rence de race\u2026\u00a0\u00bb. Les mineurs ilnus de Mashteuiatsh devant la Cour de Bien-\u00eatre social, 1963-1977\u00a0\u00bb<\/p>\n\n\n\n<p>Donald Fyson, membre r\u00e9gulier, \u00ab&nbsp;La pr\u00e9histoire de la statistique criminelle au Qu\u00e9bec (fin XVIIIe si\u00e8cle \u2013 1875)&nbsp;\u00bb<br><br><a href=\"https:\/\/www.cieq.ca\/activites.php?niv2=colloquescongres&amp;niv3=partenariat&amp;id=20377\" target=\"_blank\" rel=\"noreferrer noopener\" aria-label=\"Cliquez ici pour consulter consulter la programmation ou vous inscrire (s\u2019ouvre dans un nouvel onglet)\">Cliquez ici pour consulter consulter la programmation ou vous inscrire<\/a><\/p>\n","protected":false},"excerpt":{"rendered":"<p>Le 28 janvier 2022, le Centre interuniversitaire en \u00e9tudes qu\u00e9b\u00e9coises (CI\u00c9Q) et le laboratoire Tempora (universit\u00e9 Rennes 2, France) vous invitent \u00e0 la premi\u00e8re rencontre des journ\u00e9es d\u2019\u00e9tude \u00ab&nbsp;Acteurs, espaces&#8230;<\/p>\n","protected":false},"author":11,"featured_media":9656,"comment_status":"closed","ping_status":"closed","sticky":false,"template":"","format":"standard","meta":{"_monsterinsights_skip_tracking":false,"_monsterinsights_sitenote_active":false,"_monsterinsights_sitenote_note":"","_monsterinsights_sitenote_category":0,"footnotes":""},"categories":[3,5],"tags":[566,49,15,589,16],"class_list":["post-9651","post","type-post","status-publish","format-standard","has-post-thumbnail","hentry","category-actualites","category-colloques-et-conferences","tag-alexandre-lapalme","tag-catherine-tremblay","tag-donald-fyson","tag-simon-dufour","tag-thierry-nootens"],"_links":{"self":[{"href":"https:\/\/chrs.uqam.ca\/index.php\/wp-json\/wp\/v2\/posts\/9651","targetHints":{"allow":["GET"]}}],"collection":[{"href":"https:\/\/chrs.uqam.ca\/index.php\/wp-json\/wp\/v2\/posts"}],"about":[{"href":"https:\/\/chrs.uqam.ca\/index.php\/wp-json\/wp\/v2\/types\/post"}],"author":[{"embeddable":true,"href":"https:\/\/chrs.uqam.ca\/index.php\/wp-json\/wp\/v2\/users\/11"}],"replies":[{"embeddable":true,"href":"https:\/\/chrs.uqam.ca\/index.php\/wp-json\/wp\/v2\/comments?post=9651"}],"version-history":[{"count":0,"href":"https:\/\/chrs.uqam.ca\/index.php\/wp-json\/wp\/v2\/posts\/9651\/revisions"}],"wp:featuredmedia":[{"embeddable":true,"href":"https:\/\/chrs.uqam.ca\/index.php\/wp-json\/wp\/v2\/media\/9656"}],"wp:attachment":[{"href":"https:\/\/chrs.uqam.ca\/index.php\/wp-json\/wp\/v2\/media?parent=9651"}],"wp:term":[{"taxonomy":"category","embeddable":true,"href":"https:\/\/chrs.uqam.ca\/index.php\/wp-json\/wp\/v2\/categories?post=9651"},{"taxonomy":"post_tag","embeddable":true,"href":"https:\/\/chrs.uqam.ca\/index.php\/wp-json\/wp\/v2\/tags?post=9651"}],"curies":[{"name":"wp","href":"https:\/\/api.w.org\/{rel}","templated":true}]}}