{"id":960,"date":"2013-01-30T16:06:01","date_gmt":"2013-01-30T15:06:01","guid":{"rendered":"http:\/\/chrs.cieq.ca\/?p=960"},"modified":"2017-03-01T01:47:35","modified_gmt":"2017-03-01T00:47:35","slug":"marie-claude-thifault-recoit-une-subvention-pour-son-projet-dehospitalisation-psychiatrique-et-acces-aux-services-de-sante-mentale","status":"publish","type":"post","link":"https:\/\/chrs.uqam.ca\/index.php\/2013\/01\/30\/marie-claude-thifault-recoit-une-subvention-pour-son-projet-dehospitalisation-psychiatrique-et-acces-aux-services-de-sante-mentale\/","title":{"rendered":"Marie-Claude Thifault re\u00e7oit une subvention pour son projet \u00abD\u00e9hospitalisation psychiatrique et acc\u00e8s aux services de sant\u00e9 mentale\u00bb"},"content":{"rendered":"<p class=\"p1\"><img loading=\"lazy\" decoding=\"async\" class=\"size-full wp-image-199 alignright\" src=\"http:\/\/chrs.cieq.ca\/wp-content\/uploads\/2017\/01\/PHOTOS_THIFAULT_0.jpeg\" alt=\"\" width=\"150\" height=\"182\" \/><\/p>\n<p class=\"p1\"><a href=\"http:\/\/chrs.cieq.ca\/index.php\/a-propos\/equipe\/membres-reguliers\/marie-claude-thifault\/\"><span class=\"s1\">Marie-Claude Thifault<\/span><\/a><span class=\"s2\"> (chercheure principale) et les co-chercheures <a href=\"http:\/\/chrs.cieq.ca\/index.php\/a-propos\/equipe\/membres-reguliers\/isabelle-perreault\/\"><span class=\"s1\">Isabelle Perreault<\/span><\/a> et <a href=\"http:\/\/www.uhearst.ca\/enbref\/personnel\/domainemariel.php\"><span class=\"s1\">Marie Lebel<\/span><\/a>\u00a0ont re\u00e7u des <a href=\"http:\/\/www.cihr-irsc.gc.ca\/f\/193.html\"><span class=\"s1\">Instituts de recherche en sant\u00e9 du Canada (IRSC)<\/span><\/a> une subvention pour leur projet de recherche <a href=\"http:\/\/chrs.cieq.ca\/index.php\/recherche\/realisations\/projets-de-recherche-termines\/dehospitalisation-psychiatrique-et-acces-aux-services-de-sante-mentale\/\">\u00abD\u00e9hospitalisation psychiatrique et acc\u00e8s aux services de sant\u00e9 mentale. Regards crois\u00e9s Ontario-Qu\u00e9bec, 1950-2012\u00bb<\/a>.<\/span><\/p>\n<p class=\"p3\"><span class=\"s2\">Le projet financ\u00e9 (2013-2015) consiste en une enqu\u00eate socio-historique sur les d\u00e9fis de la \u00abd\u00e9hospitalisation psychiatrique\u00bb au cours de la p\u00e9riode de d\u00e9sinstitutionnalisation des soixante derni\u00e8res ann\u00e9es, en particulier au sein des communaut\u00e9s francophones de l&rsquo;Est et du Nord ontariens, ainsi que de la communaut\u00e9 anglophone du grand Montr\u00e9al.<\/span><\/p>\n<p class=\"p3\"><span class=\"s2\">Les int\u00e9r\u00eats des chercheures se situent surtout au niveau des dispositifs de prise en charge des personnes souffrant de troubles psychiques et \u00e0 l&rsquo;imbrication complexe des pratiques de soin et des pratiques d&rsquo;insertion sociale au cours du dernier demi-si\u00e8cle.<\/span><\/p>\n<p class=\"p3\"><a href=\"http:\/\/chrs.cieq.ca\/wp-content\/uploads\/2017\/02\/IRSC2013_Resume_2013-02-04_MD.pdf\"><span class=\"s2\">Pour consulter le r\u00e9sum\u00e9 non scientifique du projet<\/span><\/a><\/p>\n<p class=\"p3\">\n","protected":false},"excerpt":{"rendered":"<p>Marie-Claude Thifault (chercheure principale) et les co-chercheures Isabelle Perreault et Marie Lebel\u00a0ont re\u00e7u des Instituts de recherche en sant\u00e9 du Canada (IRSC) une subvention pour leur projet de recherche \u00abD\u00e9hospitalisation&#8230;<\/p>\n","protected":false},"author":3,"featured_media":199,"comment_status":"open","ping_status":"open","sticky":false,"template":"","format":"standard","meta":{"_monsterinsights_skip_tracking":false,"_monsterinsights_sitenote_active":false,"_monsterinsights_sitenote_note":"","_monsterinsights_sitenote_category":0,"footnotes":""},"categories":[3],"tags":[14],"class_list":["post-960","post","type-post","status-publish","format-standard","has-post-thumbnail","hentry","category-actualites","tag-marie-claude-thifault"],"_links":{"self":[{"href":"https:\/\/chrs.uqam.ca\/index.php\/wp-json\/wp\/v2\/posts\/960","targetHints":{"allow":["GET"]}}],"collection":[{"href":"https:\/\/chrs.uqam.ca\/index.php\/wp-json\/wp\/v2\/posts"}],"about":[{"href":"https:\/\/chrs.uqam.ca\/index.php\/wp-json\/wp\/v2\/types\/post"}],"author":[{"embeddable":true,"href":"https:\/\/chrs.uqam.ca\/index.php\/wp-json\/wp\/v2\/users\/3"}],"replies":[{"embeddable":true,"href":"https:\/\/chrs.uqam.ca\/index.php\/wp-json\/wp\/v2\/comments?post=960"}],"version-history":[{"count":0,"href":"https:\/\/chrs.uqam.ca\/index.php\/wp-json\/wp\/v2\/posts\/960\/revisions"}],"wp:featuredmedia":[{"embeddable":true,"href":"https:\/\/chrs.uqam.ca\/index.php\/wp-json\/wp\/v2\/media\/199"}],"wp:attachment":[{"href":"https:\/\/chrs.uqam.ca\/index.php\/wp-json\/wp\/v2\/media?parent=960"}],"wp:term":[{"taxonomy":"category","embeddable":true,"href":"https:\/\/chrs.uqam.ca\/index.php\/wp-json\/wp\/v2\/categories?post=960"},{"taxonomy":"post_tag","embeddable":true,"href":"https:\/\/chrs.uqam.ca\/index.php\/wp-json\/wp\/v2\/tags?post=960"}],"curies":[{"name":"wp","href":"https:\/\/api.w.org\/{rel}","templated":true}]}}