{"id":9516,"date":"2021-11-16T16:57:42","date_gmt":"2021-11-16T20:57:42","guid":{"rendered":"https:\/\/chrs.dev.uqam.ca\/?p=9516"},"modified":"2021-11-16T16:58:10","modified_gmt":"2021-11-16T20:58:10","slug":"catherine-larochelle-en-entrevue-radio-a-ici-premiere-au-sujet-de-son-recent-ouvrage","status":"publish","type":"post","link":"https:\/\/chrs.uqam.ca\/index.php\/2021\/11\/16\/catherine-larochelle-en-entrevue-radio-a-ici-premiere-au-sujet-de-son-recent-ouvrage\/","title":{"rendered":"Catherine Larochelle en entrevue radio \u00e0 Ici Premi\u00e8re au sujet de son r\u00e9cent ouvrage"},"content":{"rendered":"\n<p>La professeure Catherine\u00a0Larochelle,\u00a0membre de notre \u00e9quipe, \u00e9tait au micro de Michel D\u00e9sautels sur <em>Ici Premi\u00e8re<\/em> dimanche le 14 novembre pour discuter de son nouvel ouvrage \u00ab <a rel=\"noreferrer noopener\" aria-label=\"L\u2019\u00e9cole du racisme. La construction de l\u2019alt\u00e9rit\u00e9 \u00e0 l\u2019\u00e9cole qu\u00e9b\u00e9coise (1830-1915) (s\u2019ouvre dans un nouvel onglet)\" href=\"https:\/\/www.pum.umontreal.ca\/catalogue\/lecole_du_racisme\" target=\"_blank\">L\u2019\u00e9cole du racisme. La construction de l\u2019alt\u00e9rit\u00e9 \u00e0 l\u2019\u00e9cole qu\u00e9b\u00e9coise (1830-1915)<\/a> \u00bb.\u00a0 <\/p>\n\n\n\n<p><a href=\"https:\/\/ici.radio-canada.ca\/ohdio\/premiere\/emissions\/desautels-le-dimanche\/segments\/entrevue\/378845\/livre-ecole-du-racisme-construction-alterite-a-ecole-quebecoise-1830-1915-catherine-larochelle\" target=\"_blank\" rel=\"noreferrer noopener\" aria-label=\"\u00c9couter l'entrevue en rattrapage (s\u2019ouvre dans un nouvel onglet)\">\u00c9couter l&rsquo;entrevue en rattrapage<\/a> <\/p>\n\n\n\n<p style=\"text-align:left\">\u00ab  Outil de socialisation, l&rsquo;\u00e9cole est aussi une fen\u00eatre sur le monde et un lieu d&rsquo;apprentissage, st\u00e9r\u00e9otypes et pr\u00e9jug\u00e9s compris. Dans cet ouvrage,&nbsp;Catherine Larochelle&nbsp;postule que l&rsquo;\u00e9cole au Qu\u00e9bec, tant francophone qu&rsquo;anglophone, a, d\u00e8s ses d\u00e9buts et pendant des d\u00e9cennies, enseign\u00e9 et cautionn\u00e9 la domination coloniale ainsi que le racisme. L&rsquo;auteure \u00e9claire la fa\u00e7on dont les figures de l&rsquo;Autre ont \u00e9t\u00e9 construites par une vari\u00e9t\u00e9 de discours, selon diff\u00e9rentes caract\u00e9ristiques culturelles ou corporelles, de m\u00eame que la fa\u00e7on dont elles ont occup\u00e9 diverses fonctions dans la formation de l&rsquo;identit\u00e9 collective de l&rsquo;\u00e9l\u00e8ve qu\u00e9b\u00e9cois, blanc et civilis\u00e9. Entretien. \u00bb<\/p>\n","protected":false},"excerpt":{"rendered":"<p>La professeure Catherine\u00a0Larochelle,\u00a0membre de notre \u00e9quipe, \u00e9tait au micro de Michel D\u00e9sautels sur Ici Premi\u00e8re dimanche le 14 novembre pour discuter de son nouvel ouvrage \u00ab L\u2019\u00e9cole du racisme. La&#8230;<\/p>\n","protected":false},"author":2,"featured_media":9401,"comment_status":"closed","ping_status":"closed","sticky":false,"template":"","format":"standard","meta":{"_monsterinsights_skip_tracking":false,"_monsterinsights_sitenote_active":false,"_monsterinsights_sitenote_note":"","_monsterinsights_sitenote_category":0,"footnotes":""},"categories":[3],"tags":[43],"class_list":["post-9516","post","type-post","status-publish","format-standard","has-post-thumbnail","hentry","category-actualites","tag-catherine-larochelle"],"_links":{"self":[{"href":"https:\/\/chrs.uqam.ca\/index.php\/wp-json\/wp\/v2\/posts\/9516","targetHints":{"allow":["GET"]}}],"collection":[{"href":"https:\/\/chrs.uqam.ca\/index.php\/wp-json\/wp\/v2\/posts"}],"about":[{"href":"https:\/\/chrs.uqam.ca\/index.php\/wp-json\/wp\/v2\/types\/post"}],"author":[{"embeddable":true,"href":"https:\/\/chrs.uqam.ca\/index.php\/wp-json\/wp\/v2\/users\/2"}],"replies":[{"embeddable":true,"href":"https:\/\/chrs.uqam.ca\/index.php\/wp-json\/wp\/v2\/comments?post=9516"}],"version-history":[{"count":0,"href":"https:\/\/chrs.uqam.ca\/index.php\/wp-json\/wp\/v2\/posts\/9516\/revisions"}],"wp:featuredmedia":[{"embeddable":true,"href":"https:\/\/chrs.uqam.ca\/index.php\/wp-json\/wp\/v2\/media\/9401"}],"wp:attachment":[{"href":"https:\/\/chrs.uqam.ca\/index.php\/wp-json\/wp\/v2\/media?parent=9516"}],"wp:term":[{"taxonomy":"category","embeddable":true,"href":"https:\/\/chrs.uqam.ca\/index.php\/wp-json\/wp\/v2\/categories?post=9516"},{"taxonomy":"post_tag","embeddable":true,"href":"https:\/\/chrs.uqam.ca\/index.php\/wp-json\/wp\/v2\/tags?post=9516"}],"curies":[{"name":"wp","href":"https:\/\/api.w.org\/{rel}","templated":true}]}}