{"id":945,"date":"2013-02-05T20:17:11","date_gmt":"2013-02-05T19:17:11","guid":{"rendered":"http:\/\/chrs.cieq.ca\/?p=945"},"modified":"2017-02-28T23:17:18","modified_gmt":"2017-02-28T22:17:18","slug":"arnaud-bessiere-presentera-une-communication-sur-son-livre-la-contribution-des-noirs-au-quebec-quatre-siecles-dune-histoire-partagee","status":"publish","type":"post","link":"https:\/\/chrs.uqam.ca\/index.php\/2013\/02\/05\/arnaud-bessiere-presentera-une-communication-sur-son-livre-la-contribution-des-noirs-au-quebec-quatre-siecles-dune-histoire-partagee\/","title":{"rendered":"Arnaud Bessi\u00e8re pr\u00e9sentera une communication sur son livre \u00abLa contribution des Noirs au Qu\u00e9bec : quatre si\u00e8cles d&rsquo;une histoire partag\u00e9e\u00bb"},"content":{"rendered":"<p class=\"p1\"><span class=\"s1\"><img loading=\"lazy\" decoding=\"async\" class=\"size-medium wp-image-1879 alignright\" src=\"http:\/\/chrs.cieq.ca\/wp-content\/uploads\/2013\/02\/Couvert01-300x164.jpg\" alt=\"\" width=\"300\" height=\"164\" \/>Dans le cadre du mois de l&rsquo;histoire des Noirs, il nous fait plaisir de rappeler la sortie r\u00e9cente du livre <a href=\"http:\/\/www.publicationsduquebec.gouv.qc.ca\/fre\/products\/978-2-551-25201-5\"><span class=\"s2\">La contribution des Noirs au Qu\u00e9bec : quatre si\u00e8cles d&rsquo;une histoire partag\u00e9e<\/span><\/a>\u00a0(2012) d&rsquo;Arnaud Bessi\u00e8re, assistant de recherche au CHRS de 2000 \u00e0 2005. Par ailleurs, Arnaud Bessi\u00e8re pr\u00e9sentera une communication (pr\u00e9vue pour 15h30) sur son livre le <b>vendredi 8 f\u00e9vrier d\u00e8s 13h00 \u00e0 l&rsquo;auditorium du Centre Ren\u00e9-Goupil<\/b> (4121, 42\u00e8me rue, coin Pie-IX) dans le cadre d&rsquo;un colloque organis\u00e9 par l&rsquo;Alliance Socioculturelle et d&rsquo;Aide P\u00e9dagogique (ASAP) sur la contribution des Noirs au Qu\u00e9bec.<\/span><\/p>\n","protected":false},"excerpt":{"rendered":"<p>Dans le cadre du mois de l&rsquo;histoire des Noirs, il nous fait plaisir de rappeler la sortie r\u00e9cente du livre La contribution des Noirs au Qu\u00e9bec : quatre si\u00e8cles d&rsquo;une&#8230;<\/p>\n","protected":false},"author":3,"featured_media":946,"comment_status":"open","ping_status":"open","sticky":false,"template":"","format":"standard","meta":{"_monsterinsights_skip_tracking":false,"_monsterinsights_sitenote_active":false,"_monsterinsights_sitenote_note":"","_monsterinsights_sitenote_category":0,"footnotes":""},"categories":[5],"tags":[],"class_list":["post-945","post","type-post","status-publish","format-standard","has-post-thumbnail","hentry","category-colloques-et-conferences"],"_links":{"self":[{"href":"https:\/\/chrs.uqam.ca\/index.php\/wp-json\/wp\/v2\/posts\/945","targetHints":{"allow":["GET"]}}],"collection":[{"href":"https:\/\/chrs.uqam.ca\/index.php\/wp-json\/wp\/v2\/posts"}],"about":[{"href":"https:\/\/chrs.uqam.ca\/index.php\/wp-json\/wp\/v2\/types\/post"}],"author":[{"embeddable":true,"href":"https:\/\/chrs.uqam.ca\/index.php\/wp-json\/wp\/v2\/users\/3"}],"replies":[{"embeddable":true,"href":"https:\/\/chrs.uqam.ca\/index.php\/wp-json\/wp\/v2\/comments?post=945"}],"version-history":[{"count":0,"href":"https:\/\/chrs.uqam.ca\/index.php\/wp-json\/wp\/v2\/posts\/945\/revisions"}],"wp:featuredmedia":[{"embeddable":true,"href":"https:\/\/chrs.uqam.ca\/index.php\/wp-json\/wp\/v2\/media\/946"}],"wp:attachment":[{"href":"https:\/\/chrs.uqam.ca\/index.php\/wp-json\/wp\/v2\/media?parent=945"}],"wp:term":[{"taxonomy":"category","embeddable":true,"href":"https:\/\/chrs.uqam.ca\/index.php\/wp-json\/wp\/v2\/categories?post=945"},{"taxonomy":"post_tag","embeddable":true,"href":"https:\/\/chrs.uqam.ca\/index.php\/wp-json\/wp\/v2\/tags?post=945"}],"curies":[{"name":"wp","href":"https:\/\/api.w.org\/{rel}","templated":true}]}}