{"id":9436,"date":"2021-11-12T12:03:35","date_gmt":"2021-11-12T16:03:35","guid":{"rendered":"https:\/\/chrs.dev.uqam.ca\/?p=9436"},"modified":"2021-11-12T12:04:50","modified_gmt":"2021-11-12T16:04:50","slug":"entretien-de-catherine-larochelle-avec-la-societe-canadienne-dhistoire-de-leglise-catholique","status":"publish","type":"post","link":"https:\/\/chrs.uqam.ca\/index.php\/2021\/11\/12\/entretien-de-catherine-larochelle-avec-la-societe-canadienne-dhistoire-de-leglise-catholique\/","title":{"rendered":"Entretien de Catherine Larochelle avec la Soci\u00e9t\u00e9 canadienne d&rsquo;histoire de l&rsquo;\u00c9glise catholique"},"content":{"rendered":"\n<p>Le 19 novembre prochain \u00e0 11h30, la Soci\u00e9t\u00e9 canadienne d&rsquo;histoire de l&rsquo;\u00c9glise catholique\u00a0convie\u00a0la professeure Catherine\u00a0Larochelle,\u00a0membre de notre \u00e9quipe, \u00e0 un entretien autour de son ouvrage \u00ab L&rsquo;\u00e9cole du racisme. La construction de l\u2019alt\u00e9rit\u00e9 \u00e0 l\u2019\u00e9cole qu\u00e9b\u00e9coise (1830-1915) \u00bb. L&rsquo;\u00e9v\u00e9nement se d\u00e9roulera en ligne. Ce sera l\u2019occasion de r\u00e9fl\u00e9chir aux probl\u00e9matiques historiques et actuelles li\u00e9es aux questions identitaires.<\/p>\n\n\n\n<p>Inscription requise avant le 15 d\u00e9cembre \u00e0 l&rsquo;adresse suivante : schec@schec.ca.<\/p>\n","protected":false},"excerpt":{"rendered":"<p>Le 19 novembre prochain \u00e0 11h30, la Soci\u00e9t\u00e9 canadienne d&rsquo;histoire de l&rsquo;\u00c9glise catholique\u00a0convie\u00a0la professeure Catherine\u00a0Larochelle,\u00a0membre de notre \u00e9quipe, \u00e0 un entretien autour de son ouvrage \u00ab L&rsquo;\u00e9cole du racisme. La&#8230;<\/p>\n","protected":false},"author":2,"featured_media":9437,"comment_status":"closed","ping_status":"closed","sticky":false,"template":"","format":"standard","meta":{"_monsterinsights_skip_tracking":false,"_monsterinsights_sitenote_active":false,"_monsterinsights_sitenote_note":"","_monsterinsights_sitenote_category":0,"footnotes":""},"categories":[3],"tags":[43],"class_list":["post-9436","post","type-post","status-publish","format-standard","has-post-thumbnail","hentry","category-actualites","tag-catherine-larochelle"],"_links":{"self":[{"href":"https:\/\/chrs.uqam.ca\/index.php\/wp-json\/wp\/v2\/posts\/9436","targetHints":{"allow":["GET"]}}],"collection":[{"href":"https:\/\/chrs.uqam.ca\/index.php\/wp-json\/wp\/v2\/posts"}],"about":[{"href":"https:\/\/chrs.uqam.ca\/index.php\/wp-json\/wp\/v2\/types\/post"}],"author":[{"embeddable":true,"href":"https:\/\/chrs.uqam.ca\/index.php\/wp-json\/wp\/v2\/users\/2"}],"replies":[{"embeddable":true,"href":"https:\/\/chrs.uqam.ca\/index.php\/wp-json\/wp\/v2\/comments?post=9436"}],"version-history":[{"count":0,"href":"https:\/\/chrs.uqam.ca\/index.php\/wp-json\/wp\/v2\/posts\/9436\/revisions"}],"wp:featuredmedia":[{"embeddable":true,"href":"https:\/\/chrs.uqam.ca\/index.php\/wp-json\/wp\/v2\/media\/9437"}],"wp:attachment":[{"href":"https:\/\/chrs.uqam.ca\/index.php\/wp-json\/wp\/v2\/media?parent=9436"}],"wp:term":[{"taxonomy":"category","embeddable":true,"href":"https:\/\/chrs.uqam.ca\/index.php\/wp-json\/wp\/v2\/categories?post=9436"},{"taxonomy":"post_tag","embeddable":true,"href":"https:\/\/chrs.uqam.ca\/index.php\/wp-json\/wp\/v2\/tags?post=9436"}],"curies":[{"name":"wp","href":"https:\/\/api.w.org\/{rel}","templated":true}]}}