{"id":9405,"date":"2021-11-03T14:17:23","date_gmt":"2021-11-03T18:17:23","guid":{"rendered":"https:\/\/chrs.dev.uqam.ca\/?p=9405"},"modified":"2021-11-03T14:21:26","modified_gmt":"2021-11-03T18:21:26","slug":"participation-dandreanne-lebrun-et-de-yuxi-liu-au-colloque-les-revolutions-tranquilles-au-quebec-et-au-canada","status":"publish","type":"post","link":"https:\/\/chrs.uqam.ca\/index.php\/2021\/11\/03\/participation-dandreanne-lebrun-et-de-yuxi-liu-au-colloque-les-revolutions-tranquilles-au-quebec-et-au-canada\/","title":{"rendered":"Participation d&rsquo;Andr\u00e9anne LeBrun et de Yuxi Liu au colloque Les R\u00e9volutions tranquilles au Qu\u00e9bec et au Canada"},"content":{"rendered":"\n<p>Deux de nos membres participeront au colloque en ligne <em><a href=\"https:\/\/cridaq.uqam.ca\/activite\/coll-revo-tranquilles\/\">Les R\u00e9volutions tranquilles au Qu\u00e9bec et au Canada, dans une perspective nationale et internationale<\/a><\/em> les 11 et 12 novembre prochains. <\/p>\n\n\n\n<p>La professeure assistante \u00e0 l&rsquo;Universit\u00e9 ShanghaiTech, Yuxi Liu, chercheuse affili\u00e9e au CHRS, livrera la communication \u00ab\u2009L\u2019\u00e9volution de l\u2019image de la Chine au Qu\u00e9bec dans les ann\u00e9es 1960 \u00bb durant la s\u00e9ance 1, panel 1, le 11 novembre entre 10h30 et 12h.<\/p>\n\n\n\n<p>Andr\u00e9anne LeBrun, doctorante et charg\u00e9e de cours \u00e0 l&rsquo;Universit\u00e9 de Sherbrooke, membre \u00e9tudiante de l&rsquo;\u00e9quipe, donnera quant \u00e0 elle la pr\u00e9sentation \u00ab\u2009Points de vue d\u2019\u00e9l\u00e8ves du secondaire sur les r\u00e9formes scolaires associ\u00e9es \u00e0 la RT (1960-1979) \u00bb lors du panel 9, le 12 novembre entre 10h15 et 11h45.<\/p>\n\n\n\n<p>Ce colloque accueillera pr\u00e8s de 50 orateurs, notamment \u00e0 travers une douzaine de panels th\u00e9matiques. Cet \u00e9v\u00e8nement se veut l\u2019occasion de mettre en valeur, dans un cadre pluridisciplinaire, les recherches effectu\u00e9es par des sp\u00e9cialistes en sciences humaines portant sur la p\u00e9riode associ\u00e9e \u00e0 la \u00ab longue \u00bb R\u00e9volution tranquille au Qu\u00e9bec et aux r\u00e9volutions tranquilles ailleurs au Canada comme \u00e0 l\u2019international. <\/p>\n\n\n\n<p><a href=\"https:\/\/cridaq.uqam.ca\/wp-content\/uploads\/2021\/10\/Programme-final_long.pdf\">Consulter le programme long et le r\u00e9sum\u00e9 des communications<\/a> ou encore <a rel=\"noreferrer noopener\" aria-label=\"le programme court (s\u2019ouvre dans un nouvel onglet)\" href=\"https:\/\/cridaq.uqam.ca\/wp-content\/uploads\/2021\/10\/Programme-final_court.pdf\" target=\"_blank\">le programme court<\/a>. <\/p>\n\n\n\n<p>Inscription requise \u00e0 l&rsquo;adresse : <a rel=\"noreferrer noopener\" href=\"mailto:colloquerevolutiontranquille@gmail.com\" target=\"_blank\">colloquerevolutiontranquille@gmail.com<\/a><\/p>\n\n\n\n<div class=\"wp-block-image\"><figure class=\"aligncenter\"><img loading=\"lazy\" decoding=\"async\" width=\"663\" height=\"1024\" src=\"https:\/\/chrs.uqam.ca\/wp-content\/uploads\/2021\/11\/Affiche-Colloque-\u2013-Les-Re\u0301volutions-tranquilles-au-Que\u0301bec-et-au-Canada-dans-une-perspective-nationale-et-internationale-663x1024.png\" alt=\"\" class=\"wp-image-9406\" srcset=\"https:\/\/chrs.uqam.ca\/wp-content\/uploads\/2021\/11\/Affiche-Colloque-\u2013-Les-Re\u0301volutions-tranquilles-au-Que\u0301bec-et-au-Canada-dans-une-perspective-nationale-et-internationale-663x1024.png 663w, https:\/\/chrs.uqam.ca\/wp-content\/uploads\/2021\/11\/Affiche-Colloque-\u2013-Les-Re\u0301volutions-tranquilles-au-Que\u0301bec-et-au-Canada-dans-une-perspective-nationale-et-internationale-194x300.png 194w, https:\/\/chrs.uqam.ca\/wp-content\/uploads\/2021\/11\/Affiche-Colloque-\u2013-Les-Re\u0301volutions-tranquilles-au-Que\u0301bec-et-au-Canada-dans-une-perspective-nationale-et-internationale-768x1187.png 768w, https:\/\/chrs.uqam.ca\/wp-content\/uploads\/2021\/11\/Affiche-Colloque-\u2013-Les-Re\u0301volutions-tranquilles-au-Que\u0301bec-et-au-Canada-dans-une-perspective-nationale-et-internationale.png 1632w\" sizes=\"auto, (max-width: 663px) 100vw, 663px\" \/><\/figure><\/div>\n","protected":false},"excerpt":{"rendered":"<p>Deux de nos membres participeront au colloque en ligne Les R\u00e9volutions tranquilles au Qu\u00e9bec et au Canada, dans une perspective nationale et internationale les 11 et 12 novembre prochains. La&#8230;<\/p>\n","protected":false},"author":2,"featured_media":9406,"comment_status":"closed","ping_status":"closed","sticky":false,"template":"","format":"standard","meta":{"_monsterinsights_skip_tracking":false,"_monsterinsights_sitenote_active":false,"_monsterinsights_sitenote_note":"","_monsterinsights_sitenote_category":0,"footnotes":""},"categories":[3],"tags":[565,567],"class_list":["post-9405","post","type-post","status-publish","format-standard","has-post-thumbnail","hentry","category-actualites","tag-andreanne-lebrun","tag-yuxi-liu"],"_links":{"self":[{"href":"https:\/\/chrs.uqam.ca\/index.php\/wp-json\/wp\/v2\/posts\/9405","targetHints":{"allow":["GET"]}}],"collection":[{"href":"https:\/\/chrs.uqam.ca\/index.php\/wp-json\/wp\/v2\/posts"}],"about":[{"href":"https:\/\/chrs.uqam.ca\/index.php\/wp-json\/wp\/v2\/types\/post"}],"author":[{"embeddable":true,"href":"https:\/\/chrs.uqam.ca\/index.php\/wp-json\/wp\/v2\/users\/2"}],"replies":[{"embeddable":true,"href":"https:\/\/chrs.uqam.ca\/index.php\/wp-json\/wp\/v2\/comments?post=9405"}],"version-history":[{"count":0,"href":"https:\/\/chrs.uqam.ca\/index.php\/wp-json\/wp\/v2\/posts\/9405\/revisions"}],"wp:featuredmedia":[{"embeddable":true,"href":"https:\/\/chrs.uqam.ca\/index.php\/wp-json\/wp\/v2\/media\/9406"}],"wp:attachment":[{"href":"https:\/\/chrs.uqam.ca\/index.php\/wp-json\/wp\/v2\/media?parent=9405"}],"wp:term":[{"taxonomy":"category","embeddable":true,"href":"https:\/\/chrs.uqam.ca\/index.php\/wp-json\/wp\/v2\/categories?post=9405"},{"taxonomy":"post_tag","embeddable":true,"href":"https:\/\/chrs.uqam.ca\/index.php\/wp-json\/wp\/v2\/tags?post=9405"}],"curies":[{"name":"wp","href":"https:\/\/api.w.org\/{rel}","templated":true}]}}