{"id":9400,"date":"2021-11-02T13:11:50","date_gmt":"2021-11-02T17:11:50","guid":{"rendered":"https:\/\/chrs.dev.uqam.ca\/?p=9400"},"modified":"2024-01-17T12:23:58","modified_gmt":"2024-01-17T16:23:58","slug":"lecole-du-racisme-la-construction-de-lalterite-a-lecole-quebecoise-1830-1915-le-nouvel-ouvrage-de-catherine-larochelle","status":"publish","type":"post","link":"https:\/\/chrs.uqam.ca\/index.php\/2021\/11\/02\/lecole-du-racisme-la-construction-de-lalterite-a-lecole-quebecoise-1830-1915-le-nouvel-ouvrage-de-catherine-larochelle\/","title":{"rendered":"<em>L&rsquo;\u00e9cole du racisme. La construction de l\u2019alt\u00e9rit\u00e9 \u00e0 l\u2019\u00e9cole qu\u00e9b\u00e9coise ( 1830-1915 )<\/em>, le nouvel ouvrage de Catherine Larochelle"},"content":{"rendered":"\n<p>C&rsquo;est aujourd&rsquo;hui, le 2 novembre 2021, que para\u00eet en librairie l&rsquo;ouvrage de Catherine Larochelle <em>L&rsquo;\u00e9cole du racisme. La construction de l\u2019alt\u00e9rit\u00e9 \u00e0 l\u2019\u00e9cole qu\u00e9b\u00e9coise (1830-1915), <\/em>publi\u00e9 aux Presses de l&rsquo;Universit\u00e9 de Montr\u00e9al. <\/p>\n\n\n\n<p>Dans ce livre, issu des recherches men\u00e9es pour sa th\u00e8se, l&rsquo;historienne et professeure, membre de notre \u00e9quipe, montre bien comment l\u2019alt\u00e9rit\u00e9 construite, mise en sc\u00e8ne et racont\u00e9e par l\u2019institution scolaire qu\u00e9b\u00e9coise du XIXe si\u00e8cle a \u00e9t\u00e9 un outil p\u00e9dagogique privil\u00e9gi\u00e9. En plus d\u2019examiner le champ narratif du \u00ab faire-croire \u00bb et du discours impos\u00e9 de la repr\u00e9sentation, il analyse les contours de l\u2019appropriation des figures de l\u2019alt\u00e9rit\u00e9 par les \u00e9l\u00e8ves du Qu\u00e9bec. Quelles conceptions de l\u2019Autre, produites par quelles id\u00e9ologies, l\u2019\u00e9cole transmit-elle? Quelles fonctions r\u00e9cr\u00e9atives et p\u00e9dagogiques ont-elles remplies? <\/p>\n\n\n\n<p><a href=\"https:\/\/www.pum.umontreal.ca\/catalogue\/lecole_du_racisme\">Tous les d\u00e9tails<\/a> <\/p>\n\n\n<div class=\"wp-block-image\">\n<figure class=\"aligncenter\"><img loading=\"lazy\" decoding=\"async\" width=\"400\" height=\"602\" src=\"https:\/\/chrs.uqam.ca\/wp-content\/uploads\/2021\/11\/PUM_larochelle.jpeg\" alt=\"\" class=\"wp-image-9401\" srcset=\"https:\/\/chrs.uqam.ca\/wp-content\/uploads\/2021\/11\/PUM_larochelle.jpeg 400w, https:\/\/chrs.uqam.ca\/wp-content\/uploads\/2021\/11\/PUM_larochelle-199x300.jpeg 199w\" sizes=\"auto, (max-width: 400px) 100vw, 400px\" \/><\/figure>\n<\/div>","protected":false},"excerpt":{"rendered":"<p>C&rsquo;est aujourd&rsquo;hui, le 2 novembre 2021, que para\u00eet en librairie l&rsquo;ouvrage de Catherine Larochelle L&rsquo;\u00e9cole du racisme. La construction de l\u2019alt\u00e9rit\u00e9 \u00e0 l\u2019\u00e9cole qu\u00e9b\u00e9coise (1830-1915), publi\u00e9 aux Presses de l&rsquo;Universit\u00e9&#8230;<\/p>\n","protected":false},"author":2,"featured_media":9401,"comment_status":"closed","ping_status":"closed","sticky":false,"template":"","format":"standard","meta":{"_monsterinsights_skip_tracking":false,"_monsterinsights_sitenote_active":false,"_monsterinsights_sitenote_note":"","_monsterinsights_sitenote_category":0,"footnotes":""},"categories":[3,11],"tags":[43],"class_list":["post-9400","post","type-post","status-publish","format-standard","has-post-thumbnail","hentry","category-actualites","category-publications","tag-catherine-larochelle"],"_links":{"self":[{"href":"https:\/\/chrs.uqam.ca\/index.php\/wp-json\/wp\/v2\/posts\/9400","targetHints":{"allow":["GET"]}}],"collection":[{"href":"https:\/\/chrs.uqam.ca\/index.php\/wp-json\/wp\/v2\/posts"}],"about":[{"href":"https:\/\/chrs.uqam.ca\/index.php\/wp-json\/wp\/v2\/types\/post"}],"author":[{"embeddable":true,"href":"https:\/\/chrs.uqam.ca\/index.php\/wp-json\/wp\/v2\/users\/2"}],"replies":[{"embeddable":true,"href":"https:\/\/chrs.uqam.ca\/index.php\/wp-json\/wp\/v2\/comments?post=9400"}],"version-history":[{"count":2,"href":"https:\/\/chrs.uqam.ca\/index.php\/wp-json\/wp\/v2\/posts\/9400\/revisions"}],"predecessor-version":[{"id":11616,"href":"https:\/\/chrs.uqam.ca\/index.php\/wp-json\/wp\/v2\/posts\/9400\/revisions\/11616"}],"wp:featuredmedia":[{"embeddable":true,"href":"https:\/\/chrs.uqam.ca\/index.php\/wp-json\/wp\/v2\/media\/9401"}],"wp:attachment":[{"href":"https:\/\/chrs.uqam.ca\/index.php\/wp-json\/wp\/v2\/media?parent=9400"}],"wp:term":[{"taxonomy":"category","embeddable":true,"href":"https:\/\/chrs.uqam.ca\/index.php\/wp-json\/wp\/v2\/categories?post=9400"},{"taxonomy":"post_tag","embeddable":true,"href":"https:\/\/chrs.uqam.ca\/index.php\/wp-json\/wp\/v2\/tags?post=9400"}],"curies":[{"name":"wp","href":"https:\/\/api.w.org\/{rel}","templated":true}]}}