{"id":9361,"date":"2021-10-08T13:04:06","date_gmt":"2021-10-08T17:04:06","guid":{"rendered":"https:\/\/chrs.dev.uqam.ca\/?p=9361"},"modified":"2021-10-13T13:12:06","modified_gmt":"2021-10-13T17:12:06","slug":"visionnez-les-videos-des-journees-detude-sur-les-archives-judiciaires","status":"publish","type":"post","link":"https:\/\/chrs.uqam.ca\/index.php\/2021\/10\/08\/visionnez-les-videos-des-journees-detude-sur-les-archives-judiciaires\/","title":{"rendered":"Visionnez les pr\u00e9sentations des Journ\u00e9es d&rsquo;\u00e9tude sur les archives judiciaires"},"content":{"rendered":"\n<p>Du 3 au 6 mai 2021, Biblioth\u00e8que et Archives nationales du Qu\u00e9bec a donn\u00e9 rendez-vous en ligne aux passionn\u00e9s d\u2019archives judiciaires. Plusieurs sp\u00e9cialistes des Archives nationales du Qu\u00e9bec et pr\u00e8s de 30 conf\u00e9renciers se sont r\u00e9unis pour l\u2019occasion.<\/p>\n\n\n\n<p>Les membres r\u00e9guliers Donald Fyson, Thierry Nootens et Isabelle Perreault, ainsi que Nathalie Ricard, V\u00e9ronika Brandl-Mouton et Alexandre Lapalme, membres \u00e9tudiants, participaient \u00e0 l\u2019\u00e9v\u00e9nement.<\/p>\n\n\n\n<p>Il est d\u00e9sormais possible de revoir les pr\u00e9sentations disponibles en ligne. <\/p>\n\n\n\n<p><a href=\"https:\/\/archives100ans.banq.qc.ca\/categories\/journees-detude-sur-les-archives-judiciaires\/.\">Visionner sur le site de BAnQ <\/a><\/p>\n","protected":false},"excerpt":{"rendered":"<p>Du 3 au 6 mai 2021, Biblioth\u00e8que et Archives nationales du Qu\u00e9bec a donn\u00e9 rendez-vous en ligne aux passionn\u00e9s d\u2019archives judiciaires. Plusieurs sp\u00e9cialistes des Archives nationales du Qu\u00e9bec et pr\u00e8s&#8230;<\/p>\n","protected":false},"author":2,"featured_media":8827,"comment_status":"closed","ping_status":"closed","sticky":false,"template":"","format":"standard","meta":{"_monsterinsights_skip_tracking":false,"_monsterinsights_sitenote_active":false,"_monsterinsights_sitenote_note":"","_monsterinsights_sitenote_category":0,"footnotes":""},"categories":[3],"tags":[566,15,17,572,16,568],"class_list":["post-9361","post","type-post","status-publish","format-standard","has-post-thumbnail","hentry","category-actualites","tag-alexandre-lapalme","tag-donald-fyson","tag-isabelle-perreault","tag-nathalie-ricard","tag-thierry-nootens","tag-veronika-brandl-mouton"],"_links":{"self":[{"href":"https:\/\/chrs.uqam.ca\/index.php\/wp-json\/wp\/v2\/posts\/9361","targetHints":{"allow":["GET"]}}],"collection":[{"href":"https:\/\/chrs.uqam.ca\/index.php\/wp-json\/wp\/v2\/posts"}],"about":[{"href":"https:\/\/chrs.uqam.ca\/index.php\/wp-json\/wp\/v2\/types\/post"}],"author":[{"embeddable":true,"href":"https:\/\/chrs.uqam.ca\/index.php\/wp-json\/wp\/v2\/users\/2"}],"replies":[{"embeddable":true,"href":"https:\/\/chrs.uqam.ca\/index.php\/wp-json\/wp\/v2\/comments?post=9361"}],"version-history":[{"count":0,"href":"https:\/\/chrs.uqam.ca\/index.php\/wp-json\/wp\/v2\/posts\/9361\/revisions"}],"wp:featuredmedia":[{"embeddable":true,"href":"https:\/\/chrs.uqam.ca\/index.php\/wp-json\/wp\/v2\/media\/8827"}],"wp:attachment":[{"href":"https:\/\/chrs.uqam.ca\/index.php\/wp-json\/wp\/v2\/media?parent=9361"}],"wp:term":[{"taxonomy":"category","embeddable":true,"href":"https:\/\/chrs.uqam.ca\/index.php\/wp-json\/wp\/v2\/categories?post=9361"},{"taxonomy":"post_tag","embeddable":true,"href":"https:\/\/chrs.uqam.ca\/index.php\/wp-json\/wp\/v2\/tags?post=9361"}],"curies":[{"name":"wp","href":"https:\/\/api.w.org\/{rel}","templated":true}]}}