{"id":936,"date":"2013-02-22T19:59:56","date_gmt":"2013-02-22T18:59:56","guid":{"rendered":"http:\/\/chrs.cieq.ca\/?p=936"},"modified":"2017-02-11T20:03:37","modified_gmt":"2017-02-11T19:03:37","slug":"marie-claude-thifault-et-isabelle-perreault-participeront-a-une-seance-de-dedicaces-au-salon-du-livre-de-loutaouais","status":"publish","type":"post","link":"https:\/\/chrs.uqam.ca\/index.php\/2013\/02\/22\/marie-claude-thifault-et-isabelle-perreault-participeront-a-une-seance-de-dedicaces-au-salon-du-livre-de-loutaouais\/","title":{"rendered":"Marie-Claude Thifault et Isabelle Perreault participeront \u00e0 une s\u00e9ance de d\u00e9dicaces au Salon du livre de l\u2019Outaouais"},"content":{"rendered":"<p class=\"p1\"><span class=\"s1\">Jeudi le 28 f\u00e9vrier prochain, de 15h \u00e0 17h, <a href=\"http:\/\/chrs.cieq.ca\/index.php\/a-propos\/equipe\/membres-reguliers\/marie-claude-thifault\/\"><span class=\"s2\">Marie-Claude Thifault <\/span><\/a>et <a href=\"http:\/\/chrs.cieq.ca\/index.php\/a-propos\/equipe\/membres-reguliers\/isabelle-perreault\/\"><span class=\"s2\">Isabelle Perreault<\/span><\/a>, chercheures au CHRS, participeront \u00e0 une s\u00e9ance de d\u00e9dicaces au Palais des congr\u00e8s de Gatineau, dans le cadre du Salon du livre de l&rsquo;Outaouais (kiosque 316). Les auteures seront disponibles pour discuter de l&rsquo;ouvrage <a href=\"http:\/\/www.presses.uottawa.ca\/l%E2%80%99incontournable-caste-des-femmes\"><span class=\"s2\">L&rsquo;incontournable caste des femmes. Histoire des services de soins de sant\u00e9 au Qu\u00e9bec et au Canada<\/span><\/a>, paru en 2012 aux Presses de l&rsquo;Universit\u00e9 d&rsquo;Ottawa.<\/span><\/p>\n<p class=\"p1\"><img loading=\"lazy\" decoding=\"async\" class=\"alignnone size-full wp-image-937\" src=\"http:\/\/chrs.cieq.ca\/wp-content\/uploads\/2017\/02\/Couverture_Incontournable.png\" alt=\"\" width=\"148\" height=\"224\" \/><\/p>\n","protected":false},"excerpt":{"rendered":"<p>Jeudi le 28 f\u00e9vrier prochain, de 15h \u00e0 17h, Marie-Claude Thifault et Isabelle Perreault, chercheures au CHRS, participeront \u00e0 une s\u00e9ance de d\u00e9dicaces au Palais des congr\u00e8s de Gatineau, dans&#8230;<\/p>\n","protected":false},"author":3,"featured_media":937,"comment_status":"open","ping_status":"open","sticky":false,"template":"","format":"standard","meta":{"_monsterinsights_skip_tracking":false,"_monsterinsights_sitenote_active":false,"_monsterinsights_sitenote_note":"","_monsterinsights_sitenote_category":0,"footnotes":""},"categories":[3],"tags":[],"class_list":["post-936","post","type-post","status-publish","format-standard","has-post-thumbnail","hentry","category-actualites"],"_links":{"self":[{"href":"https:\/\/chrs.uqam.ca\/index.php\/wp-json\/wp\/v2\/posts\/936","targetHints":{"allow":["GET"]}}],"collection":[{"href":"https:\/\/chrs.uqam.ca\/index.php\/wp-json\/wp\/v2\/posts"}],"about":[{"href":"https:\/\/chrs.uqam.ca\/index.php\/wp-json\/wp\/v2\/types\/post"}],"author":[{"embeddable":true,"href":"https:\/\/chrs.uqam.ca\/index.php\/wp-json\/wp\/v2\/users\/3"}],"replies":[{"embeddable":true,"href":"https:\/\/chrs.uqam.ca\/index.php\/wp-json\/wp\/v2\/comments?post=936"}],"version-history":[{"count":0,"href":"https:\/\/chrs.uqam.ca\/index.php\/wp-json\/wp\/v2\/posts\/936\/revisions"}],"wp:featuredmedia":[{"embeddable":true,"href":"https:\/\/chrs.uqam.ca\/index.php\/wp-json\/wp\/v2\/media\/937"}],"wp:attachment":[{"href":"https:\/\/chrs.uqam.ca\/index.php\/wp-json\/wp\/v2\/media?parent=936"}],"wp:term":[{"taxonomy":"category","embeddable":true,"href":"https:\/\/chrs.uqam.ca\/index.php\/wp-json\/wp\/v2\/categories?post=936"},{"taxonomy":"post_tag","embeddable":true,"href":"https:\/\/chrs.uqam.ca\/index.php\/wp-json\/wp\/v2\/tags?post=936"}],"curies":[{"name":"wp","href":"https:\/\/api.w.org\/{rel}","templated":true}]}}