{"id":9354,"date":"2021-10-11T12:55:00","date_gmt":"2021-10-11T16:55:00","guid":{"rendered":"https:\/\/chrs.dev.uqam.ca\/?p=9354"},"modified":"2021-10-13T14:14:24","modified_gmt":"2021-10-13T18:14:24","slug":"catherine-larochelle-et-benoit-gaudreault-participent-a-un-reportage-sur-limage-des-autochones-dans-lenseignement","status":"publish","type":"post","link":"https:\/\/chrs.uqam.ca\/index.php\/2021\/10\/11\/catherine-larochelle-et-benoit-gaudreault-participent-a-un-reportage-sur-limage-des-autochones-dans-lenseignement\/","title":{"rendered":"Catherine Larochelle et Benoit Gaudreault participent \u00e0 un reportage sur l&rsquo;image des autochones dans l&rsquo;enseignement"},"content":{"rendered":"\n<p>En compagnie de Serge Simon, ancien grand chef de la communaut\u00e9 mohawk de Kanesatake, l&rsquo;historienne Catherine Larochelle, membre de notre \u00e9quipe, participe au reportage \u00ab Quand l&rsquo;enseignement de l&rsquo;Histoire sert un dessein colonial \u00bb sur l&rsquo;image des autochtones dans l&rsquo;enseignement national aux 19e et 20e si\u00e8cles. Dans l&rsquo;article accompagnant la vid\u00e9o, on retrouve \u00e9galement les propos de Benoit Gaudreault, \u00e9tudiant membre dont la ma\u00eetrise est dirig\u00e9e par la professeure Larochelle<\/p>\n\n\n\n<p><a rel=\"noreferrer noopener\" href=\"https:\/\/ici.radio-canada.ca\/espaces-autochtones\/1827938\/autochtones-verite-reconciliation-histoire-ecole-quebec-manuel?fbclid=IwAR2VbqEetrHKNdnPNDl-TtSLoYC2IbZXurozy1_fqhXMZg_lLWMKEdLAlHs\" target=\"_blank\">Regarder la vid\u00e9o et lire l&rsquo;article l&rsquo;accompagnant\ufeff<\/a><\/p>\n\n\n\n<p>\u00ab Mme&nbsp;Larochelle a men\u00e9 ses \u00e9tudes doctorales sur les discours et les id\u00e9ologies imp\u00e9rialistes et racistes dans le syst\u00e8me scolaire qu\u00e9b\u00e9cois au 19e&nbsp;si\u00e8cle et au 20e&nbsp;si\u00e8cle. Ce qu&rsquo;elle a observ\u00e9 c&rsquo;est que d\u00e8s les d\u00e9buts de l&rsquo;\u00e9cole qu\u00e9b\u00e9coise, les Autochtones sont repr\u00e9sent\u00e9s comme des sous-humains violents, pa\u00efens, mis\u00e9reux et immoraux.<\/p>\n\n\n\n<p>Cette fa\u00e7on de repr\u00e9senter permet de faire para\u00eetre les explorateurs, les missionnaires, comme des hommes civilis\u00e9s, \u00e7a permet de faire un contraste tr\u00e8s fort, souligne-t-elle. \u00bb<\/p>\n\n\n\n<figure class=\"wp-block-image\"><img loading=\"lazy\" decoding=\"async\" width=\"952\" height=\"537\" src=\"https:\/\/chrs.uqam.ca\/wp-content\/uploads\/2021\/10\/larochelle_radiocan.png\" alt=\"\" class=\"wp-image-9355\" srcset=\"https:\/\/chrs.uqam.ca\/wp-content\/uploads\/2021\/10\/larochelle_radiocan.png 952w, https:\/\/chrs.uqam.ca\/wp-content\/uploads\/2021\/10\/larochelle_radiocan-300x169.png 300w, https:\/\/chrs.uqam.ca\/wp-content\/uploads\/2021\/10\/larochelle_radiocan-768x433.png 768w\" sizes=\"auto, (max-width: 952px) 100vw, 952px\" \/><figcaption>PHOTO&nbsp;:&nbsp;RADIO-CANADA \/ GABRIELLE PAUL<\/figcaption><\/figure>\n","protected":false},"excerpt":{"rendered":"<p>En compagnie de Serge Simon, ancien grand chef de la communaut\u00e9 mohawk de Kanesatake, l&rsquo;historienne Catherine Larochelle, membre de notre \u00e9quipe, participe au reportage \u00ab Quand l&rsquo;enseignement de l&rsquo;Histoire sert&#8230;<\/p>\n","protected":false},"author":2,"featured_media":9355,"comment_status":"closed","ping_status":"closed","sticky":false,"template":"","format":"standard","meta":{"_monsterinsights_skip_tracking":false,"_monsterinsights_sitenote_active":false,"_monsterinsights_sitenote_note":"","_monsterinsights_sitenote_category":0,"footnotes":""},"categories":[3],"tags":[588,43],"class_list":["post-9354","post","type-post","status-publish","format-standard","has-post-thumbnail","hentry","category-actualites","tag-benoit-gaudreault","tag-catherine-larochelle"],"_links":{"self":[{"href":"https:\/\/chrs.uqam.ca\/index.php\/wp-json\/wp\/v2\/posts\/9354","targetHints":{"allow":["GET"]}}],"collection":[{"href":"https:\/\/chrs.uqam.ca\/index.php\/wp-json\/wp\/v2\/posts"}],"about":[{"href":"https:\/\/chrs.uqam.ca\/index.php\/wp-json\/wp\/v2\/types\/post"}],"author":[{"embeddable":true,"href":"https:\/\/chrs.uqam.ca\/index.php\/wp-json\/wp\/v2\/users\/2"}],"replies":[{"embeddable":true,"href":"https:\/\/chrs.uqam.ca\/index.php\/wp-json\/wp\/v2\/comments?post=9354"}],"version-history":[{"count":0,"href":"https:\/\/chrs.uqam.ca\/index.php\/wp-json\/wp\/v2\/posts\/9354\/revisions"}],"wp:featuredmedia":[{"embeddable":true,"href":"https:\/\/chrs.uqam.ca\/index.php\/wp-json\/wp\/v2\/media\/9355"}],"wp:attachment":[{"href":"https:\/\/chrs.uqam.ca\/index.php\/wp-json\/wp\/v2\/media?parent=9354"}],"wp:term":[{"taxonomy":"category","embeddable":true,"href":"https:\/\/chrs.uqam.ca\/index.php\/wp-json\/wp\/v2\/categories?post=9354"},{"taxonomy":"post_tag","embeddable":true,"href":"https:\/\/chrs.uqam.ca\/index.php\/wp-json\/wp\/v2\/tags?post=9354"}],"curies":[{"name":"wp","href":"https:\/\/api.w.org\/{rel}","templated":true}]}}