{"id":934,"date":"2013-02-24T19:56:22","date_gmt":"2013-02-24T18:56:22","guid":{"rendered":"http:\/\/chrs.cieq.ca\/?p=934"},"modified":"2017-02-28T22:59:40","modified_gmt":"2017-02-28T21:59:40","slug":"disponible-en-ligne-une-conference-de-martin-petitclerc-sur-la-repression-des-mouvements-sociaux","status":"publish","type":"post","link":"https:\/\/chrs.uqam.ca\/index.php\/2013\/02\/24\/disponible-en-ligne-une-conference-de-martin-petitclerc-sur-la-repression-des-mouvements-sociaux\/","title":{"rendered":"Disponible en ligne : une conf\u00e9rence de Martin Petitclerc sur la r\u00e9pression des mouvements sociaux"},"content":{"rendered":"<p class=\"p1\"><span class=\"s1\">Le 26 octobre 2012, <a href=\"http:\/\/chrs.cieq.ca\/index.php\/a-propos\/equipe\/membres-reguliers\/martin-petitclerc\/\"><span class=\"s2\">Martin Petitclerc<\/span><\/a>, directeur du CHRS, pr\u00e9sentait une communication intitul\u00e9e \u00abLa r\u00e9action n\u00e9olib\u00e9rale et la r\u00e9pression des mouvements sociaux qu\u00e9b\u00e9cois (1980-2012)\u00bb, dans le cadre du colloque international <a href=\"http:\/\/wp.unil.ch\/ple\"><span class=\"s2\">Penser l&rsquo;\u00e9mancipation<\/span><\/a>, \u00e0 Lausanne. Cette communication est maintenant disponible en ligne (voir le lien ci-dessous).<\/span><\/p>\n<p><iframe loading=\"lazy\" title=\"vend  printemps quebec baudet MP4\" width=\"740\" height=\"416\" src=\"https:\/\/www.youtube.com\/embed\/6VdE7v5qcg0?feature=oembed\" frameborder=\"0\" allow=\"accelerometer; autoplay; clipboard-write; encrypted-media; gyroscope; picture-in-picture; web-share\" allowfullscreen><\/iframe><\/p>\n","protected":false},"excerpt":{"rendered":"<p>Le 26 octobre 2012, Martin Petitclerc, directeur du CHRS, pr\u00e9sentait une communication intitul\u00e9e \u00abLa r\u00e9action n\u00e9olib\u00e9rale et la r\u00e9pression des mouvements sociaux qu\u00e9b\u00e9cois (1980-2012)\u00bb, dans le cadre du colloque international&#8230;<\/p>\n","protected":false},"author":3,"featured_media":1874,"comment_status":"open","ping_status":"open","sticky":false,"template":"","format":"standard","meta":{"_monsterinsights_skip_tracking":false,"_monsterinsights_sitenote_active":false,"_monsterinsights_sitenote_note":"","_monsterinsights_sitenote_category":0,"footnotes":""},"categories":[5],"tags":[13],"class_list":["post-934","post","type-post","status-publish","format-standard","has-post-thumbnail","hentry","category-colloques-et-conferences","tag-martin-petitclerc"],"_links":{"self":[{"href":"https:\/\/chrs.uqam.ca\/index.php\/wp-json\/wp\/v2\/posts\/934","targetHints":{"allow":["GET"]}}],"collection":[{"href":"https:\/\/chrs.uqam.ca\/index.php\/wp-json\/wp\/v2\/posts"}],"about":[{"href":"https:\/\/chrs.uqam.ca\/index.php\/wp-json\/wp\/v2\/types\/post"}],"author":[{"embeddable":true,"href":"https:\/\/chrs.uqam.ca\/index.php\/wp-json\/wp\/v2\/users\/3"}],"replies":[{"embeddable":true,"href":"https:\/\/chrs.uqam.ca\/index.php\/wp-json\/wp\/v2\/comments?post=934"}],"version-history":[{"count":0,"href":"https:\/\/chrs.uqam.ca\/index.php\/wp-json\/wp\/v2\/posts\/934\/revisions"}],"wp:featuredmedia":[{"embeddable":true,"href":"https:\/\/chrs.uqam.ca\/index.php\/wp-json\/wp\/v2\/media\/1874"}],"wp:attachment":[{"href":"https:\/\/chrs.uqam.ca\/index.php\/wp-json\/wp\/v2\/media?parent=934"}],"wp:term":[{"taxonomy":"category","embeddable":true,"href":"https:\/\/chrs.uqam.ca\/index.php\/wp-json\/wp\/v2\/categories?post=934"},{"taxonomy":"post_tag","embeddable":true,"href":"https:\/\/chrs.uqam.ca\/index.php\/wp-json\/wp\/v2\/tags?post=934"}],"curies":[{"name":"wp","href":"https:\/\/api.w.org\/{rel}","templated":true}]}}