{"id":9332,"date":"2021-10-01T09:22:21","date_gmt":"2021-10-01T13:22:21","guid":{"rendered":"https:\/\/chrs.dev.uqam.ca\/?p=9332"},"modified":"2021-10-01T12:26:04","modified_gmt":"2021-10-01T16:26:04","slug":"sophie-richelle-en-dialogue-avec-aline-charles-autour-de-louvrage-hospices-une-histoire-sensible-de-la-vieillesse","status":"publish","type":"post","link":"https:\/\/chrs.uqam.ca\/index.php\/2021\/10\/01\/sophie-richelle-en-dialogue-avec-aline-charles-autour-de-louvrage-hospices-une-histoire-sensible-de-la-vieillesse\/","title":{"rendered":"Sophie Richelle en dialogue avec Aline Charles autour de l&rsquo;ouvrage <em>Hospices. Une histoire sensible de la vieillesse<\/em>"},"content":{"rendered":"\n<table class=\"wp-block-table\"><tbody><tr><td>Le r\u00e9seau Historien.nes de la sant\u00e9, en partenariat avec le Centre d\u2019histoire des r\u00e9gulations sociales est heureux de vous convier \u00e0 une rencontre avec Sophie Richelle,\u00a0postdoctorante\u00a0\u00e0 l\u2019Universit\u00e9 libre de Bruxelles, et Aline Charles, professeure au D\u00e9partement des sciences historiques de l&rsquo;Universit\u00e9 Laval. Elles dialogueront autour de l&rsquo;ouvrage de Richelle,\u00a0<br><em><a href=\"https:\/\/www.pur-editions.fr\/product\/ean\/9782753577176\/hospices\">Hospices. Une histoire sensible de la vieillesse<\/a>\u00a0<\/em>(PUR, 2019).<br><br>L&rsquo;\u00e9v\u00e9nement se tiendra le mardi 26 octobre 2021 de 12h \u00e0 13h30. <br>\u00a0<br>Local DS-1545\u00a0<br>Pavillon J.-A.-DeS\u00e8ve &#8211; Universit\u00e9 du Qu\u00e9bec \u00e0 Montr\u00e9al<br>320 Rue Sainte-Catherine E, Montr\u00e9al<br><br>Pour participer \u00e0 cette activit\u00e9, vous devez vous inscrire par courriel (<a rel=\"noreferrer noopener\" href=\"mailto:petit.kim@uqam.ca\" target=\"_blank\">petit.kim@uqam.ca<\/a>). La pr\u00e9sentation sera \u00e9galement disponible\u00a0sur Zoom.<br><br>Le passeport vaccinal sera exig\u00e9.\u00a0<\/td><\/tr><\/tbody><\/table>\n\n\n\n<table class=\"wp-block-table\"><tbody><tr><td><\/td><\/tr><\/tbody><\/table>\n\n\n\n<figure class=\"wp-block-image\"><img loading=\"lazy\" decoding=\"async\" width=\"1275\" height=\"1650\" src=\"https:\/\/i0.wp.com\/chrs.uqam.ca\/wp-content\/uploads\/2021\/10\/Affiche-Richelle-OK.jpg?fit=740%2C958&amp;ssl=1\" alt=\"\" class=\"wp-image-9333\" srcset=\"https:\/\/chrs.uqam.ca\/wp-content\/uploads\/2021\/10\/Affiche-Richelle-OK.jpg 1275w, https:\/\/chrs.uqam.ca\/wp-content\/uploads\/2021\/10\/Affiche-Richelle-OK-232x300.jpg 232w, https:\/\/chrs.uqam.ca\/wp-content\/uploads\/2021\/10\/Affiche-Richelle-OK-768x994.jpg 768w, https:\/\/chrs.uqam.ca\/wp-content\/uploads\/2021\/10\/Affiche-Richelle-OK-791x1024.jpg 791w\" sizes=\"auto, (max-width: 1275px) 100vw, 1275px\" \/><\/figure>\n","protected":false},"excerpt":{"rendered":"<p>Le r\u00e9seau Historien.nes de la sant\u00e9, en partenariat avec le Centre d\u2019histoire des r\u00e9gulations sociales est heureux de vous convier \u00e0 une rencontre avec Sophie Richelle,\u00a0postdoctorante\u00a0\u00e0 l\u2019Universit\u00e9 libre de Bruxelles,&#8230;<\/p>\n","protected":false},"author":2,"featured_media":9334,"comment_status":"closed","ping_status":"closed","sticky":false,"template":"","format":"standard","meta":{"_monsterinsights_skip_tracking":false,"_monsterinsights_sitenote_active":false,"_monsterinsights_sitenote_note":"","_monsterinsights_sitenote_category":0,"footnotes":""},"categories":[569,5],"tags":[62],"class_list":["post-9332","post","type-post","status-publish","format-standard","has-post-thumbnail","hentry","category-activites-scientifiques-chrs","category-colloques-et-conferences","tag-aline-charles"],"_links":{"self":[{"href":"https:\/\/chrs.uqam.ca\/index.php\/wp-json\/wp\/v2\/posts\/9332","targetHints":{"allow":["GET"]}}],"collection":[{"href":"https:\/\/chrs.uqam.ca\/index.php\/wp-json\/wp\/v2\/posts"}],"about":[{"href":"https:\/\/chrs.uqam.ca\/index.php\/wp-json\/wp\/v2\/types\/post"}],"author":[{"embeddable":true,"href":"https:\/\/chrs.uqam.ca\/index.php\/wp-json\/wp\/v2\/users\/2"}],"replies":[{"embeddable":true,"href":"https:\/\/chrs.uqam.ca\/index.php\/wp-json\/wp\/v2\/comments?post=9332"}],"version-history":[{"count":0,"href":"https:\/\/chrs.uqam.ca\/index.php\/wp-json\/wp\/v2\/posts\/9332\/revisions"}],"wp:featuredmedia":[{"embeddable":true,"href":"https:\/\/chrs.uqam.ca\/index.php\/wp-json\/wp\/v2\/media\/9334"}],"wp:attachment":[{"href":"https:\/\/chrs.uqam.ca\/index.php\/wp-json\/wp\/v2\/media?parent=9332"}],"wp:term":[{"taxonomy":"category","embeddable":true,"href":"https:\/\/chrs.uqam.ca\/index.php\/wp-json\/wp\/v2\/categories?post=9332"},{"taxonomy":"post_tag","embeddable":true,"href":"https:\/\/chrs.uqam.ca\/index.php\/wp-json\/wp\/v2\/tags?post=9332"}],"curies":[{"name":"wp","href":"https:\/\/api.w.org\/{rel}","templated":true}]}}