{"id":925,"date":"2013-03-02T19:08:37","date_gmt":"2013-03-02T18:08:37","guid":{"rendered":"http:\/\/chrs.cieq.ca\/?p=925"},"modified":"2019-02-01T10:52:07","modified_gmt":"2019-02-01T14:52:07","slug":"emilie-lebel-bouchard-recoit-une-bourse-de-recherche-de-la-faculte-des-sciences-de-la-sante-de-luniversite-dottawa","status":"publish","type":"post","link":"https:\/\/chrs.uqam.ca\/index.php\/2013\/03\/02\/emilie-lebel-bouchard-recoit-une-bourse-de-recherche-de-la-faculte-des-sciences-de-la-sante-de-luniversite-dottawa\/","title":{"rendered":"\u00c9milie Lebel-Bouchard re\u00e7oit une bourse de recherche de la Facult\u00e9 des sciences de la sant\u00e9 de l\u2019Universit\u00e9 d\u2019Ottawa"},"content":{"rendered":"<p class=\"p1\"><span class=\"s1\">\u00c9milie Lebel-Bouchard s&rsquo;est vue d\u00e9cerner la prestigieuse bourse de recherche estivale pour les \u00e9tudiants de 1<\/span><span class=\"s2\"><sup>er<\/sup><\/span><span class=\"s1\"> cycle de la Facult\u00e9 des sciences de la sant\u00e9 vers\u00e9e par les <a href=\"http:\/\/www.cihr-irsc.gc.ca\/f\/193.html\">Instituts de recherche en sant\u00e9 du Canada (IRSC).<\/a>\u00a0<img loading=\"lazy\" decoding=\"async\" class=\"size-full wp-image-1871 alignright\" src=\"http:\/\/chrs.cieq.ca\/wp-content\/uploads\/2013\/03\/irsc-.jpg\" alt=\"\" width=\"250\" height=\"173\" \/><\/span><\/p>\n<p class=\"p1\"><span class=\"s1\">Elle travaillera sur le projet <span class=\"s2\">\u00abLe champ francophone de la d\u00e9sinstitutionnalisation en sant\u00e9 mentale\u00bb<\/span> sous la supervision de <a href=\"http:\/\/chrs.cieq.ca\/index.php\/a-propos\/equipe\/membres-reguliers\/marie-claude-thifault\/\"><span class=\"s2\">Marie-Claude Thifault<\/span><\/a>, chercheure au CHRS. De toute l&rsquo;\u00e9quipe du CHRS, f\u00e9licitations!<\/span><\/p>\n","protected":false},"excerpt":{"rendered":"<p>\u00c9milie Lebel-Bouchard s&rsquo;est vue d\u00e9cerner la prestigieuse bourse de recherche estivale pour les \u00e9tudiants de 1er cycle de la Facult\u00e9 des sciences de la sant\u00e9 vers\u00e9e par les Instituts de&#8230;<\/p>\n","protected":false},"author":3,"featured_media":1871,"comment_status":"open","ping_status":"open","sticky":false,"template":"","format":"standard","meta":{"_monsterinsights_skip_tracking":false,"_monsterinsights_sitenote_active":false,"_monsterinsights_sitenote_note":"","_monsterinsights_sitenote_category":0,"footnotes":""},"categories":[3],"tags":[14],"class_list":["post-925","post","type-post","status-publish","format-standard","has-post-thumbnail","hentry","category-actualites","tag-marie-claude-thifault"],"_links":{"self":[{"href":"https:\/\/chrs.uqam.ca\/index.php\/wp-json\/wp\/v2\/posts\/925","targetHints":{"allow":["GET"]}}],"collection":[{"href":"https:\/\/chrs.uqam.ca\/index.php\/wp-json\/wp\/v2\/posts"}],"about":[{"href":"https:\/\/chrs.uqam.ca\/index.php\/wp-json\/wp\/v2\/types\/post"}],"author":[{"embeddable":true,"href":"https:\/\/chrs.uqam.ca\/index.php\/wp-json\/wp\/v2\/users\/3"}],"replies":[{"embeddable":true,"href":"https:\/\/chrs.uqam.ca\/index.php\/wp-json\/wp\/v2\/comments?post=925"}],"version-history":[{"count":0,"href":"https:\/\/chrs.uqam.ca\/index.php\/wp-json\/wp\/v2\/posts\/925\/revisions"}],"wp:featuredmedia":[{"embeddable":true,"href":"https:\/\/chrs.uqam.ca\/index.php\/wp-json\/wp\/v2\/media\/1871"}],"wp:attachment":[{"href":"https:\/\/chrs.uqam.ca\/index.php\/wp-json\/wp\/v2\/media?parent=925"}],"wp:term":[{"taxonomy":"category","embeddable":true,"href":"https:\/\/chrs.uqam.ca\/index.php\/wp-json\/wp\/v2\/categories?post=925"},{"taxonomy":"post_tag","embeddable":true,"href":"https:\/\/chrs.uqam.ca\/index.php\/wp-json\/wp\/v2\/tags?post=925"}],"curies":[{"name":"wp","href":"https:\/\/api.w.org\/{rel}","templated":true}]}}