{"id":9162,"date":"2021-09-15T10:12:42","date_gmt":"2021-09-15T14:12:42","guid":{"rendered":"https:\/\/chrs.dev.uqam.ca\/?p=9162"},"modified":"2021-09-15T10:12:44","modified_gmt":"2021-09-15T14:12:44","slug":"nathalie-ricard-recoit-la-medaille-dor-academique-du-gouverneur-general","status":"publish","type":"post","link":"https:\/\/chrs.uqam.ca\/index.php\/2021\/09\/15\/nathalie-ricard-recoit-la-medaille-dor-academique-du-gouverneur-general\/","title":{"rendered":"Nathalie Ricard re\u00e7oit la m\u00e9daille d&rsquo;or acad\u00e9mique du Gouverneur g\u00e9n\u00e9ral"},"content":{"rendered":"\n<p>Nathalie Ricard, dipl\u00f4m\u00e9e du doctorat en \u00e9tudes qu\u00e9b\u00e9coises de l&rsquo;UQTR, s&rsquo;est vu remettre la M\u00e9daille d&rsquo;or acad\u00e9mique du Gouverneur g\u00e9n\u00e9ral du Canada pour l&rsquo;ann\u00e9e 2020-2021 lors de la derni\u00e8re collation des grades de l&rsquo;institution.\u00a0Cette distinction vient couronner le meilleur parcours acad\u00e9mique aux cycles sup\u00e9rieurs, toutes disciplines confondues.<\/p>\n\n\n\n<p>La th\u00e8se de Nathalie Ricard, qui a pour titre\u00a0<em>La Cour du banc du Roi dans le district de Montr\u00e9al, 1945-1964: itin\u00e9raires en justice et r\u00e9gulation institutionnelle de la criminalit\u00e9 grave<\/em>, a re\u00e7u la mention\u00a0\u00ab exceptionnelle \u00bb. Elle a \u00e9t\u00e9 r\u00e9alis\u00e9e sous la direction de Thierry Nootens (Sciences humaines, UQTR) et la codirection de Hughes Parent (Droit, Universit\u00e9 de Montr\u00e9al).<\/p>\n\n\n\n<figure class=\"wp-block-image\"><img loading=\"lazy\" decoding=\"async\" width=\"1024\" height=\"1009\" src=\"https:\/\/chrs.uqam.ca\/wp-content\/uploads\/2021\/09\/nathalie-ricard-2-1024x1009.jpg\" alt=\"\" class=\"wp-image-9164\" srcset=\"https:\/\/chrs.uqam.ca\/wp-content\/uploads\/2021\/09\/nathalie-ricard-2-1024x1009.jpg 1024w, https:\/\/chrs.uqam.ca\/wp-content\/uploads\/2021\/09\/nathalie-ricard-2-300x296.jpg 300w, https:\/\/chrs.uqam.ca\/wp-content\/uploads\/2021\/09\/nathalie-ricard-2-768x757.jpg 768w, https:\/\/chrs.uqam.ca\/wp-content\/uploads\/2021\/09\/nathalie-ricard-2.jpg 1512w\" sizes=\"auto, (max-width: 1024px) 100vw, 1024px\" \/><\/figure>\n","protected":false},"excerpt":{"rendered":"<p>Nathalie Ricard, dipl\u00f4m\u00e9e du doctorat en \u00e9tudes qu\u00e9b\u00e9coises de l&rsquo;UQTR, s&rsquo;est vu remettre la M\u00e9daille d&rsquo;or acad\u00e9mique du Gouverneur g\u00e9n\u00e9ral du Canada pour l&rsquo;ann\u00e9e 2020-2021 lors de la derni\u00e8re collation&#8230;<\/p>\n","protected":false},"author":2,"featured_media":9164,"comment_status":"closed","ping_status":"closed","sticky":false,"template":"","format":"standard","meta":{"_monsterinsights_skip_tracking":false,"_monsterinsights_sitenote_active":false,"_monsterinsights_sitenote_note":"","_monsterinsights_sitenote_category":0,"footnotes":""},"categories":[3],"tags":[572,16],"class_list":["post-9162","post","type-post","status-publish","format-standard","has-post-thumbnail","hentry","category-actualites","tag-nathalie-ricard","tag-thierry-nootens"],"_links":{"self":[{"href":"https:\/\/chrs.uqam.ca\/index.php\/wp-json\/wp\/v2\/posts\/9162","targetHints":{"allow":["GET"]}}],"collection":[{"href":"https:\/\/chrs.uqam.ca\/index.php\/wp-json\/wp\/v2\/posts"}],"about":[{"href":"https:\/\/chrs.uqam.ca\/index.php\/wp-json\/wp\/v2\/types\/post"}],"author":[{"embeddable":true,"href":"https:\/\/chrs.uqam.ca\/index.php\/wp-json\/wp\/v2\/users\/2"}],"replies":[{"embeddable":true,"href":"https:\/\/chrs.uqam.ca\/index.php\/wp-json\/wp\/v2\/comments?post=9162"}],"version-history":[{"count":0,"href":"https:\/\/chrs.uqam.ca\/index.php\/wp-json\/wp\/v2\/posts\/9162\/revisions"}],"wp:featuredmedia":[{"embeddable":true,"href":"https:\/\/chrs.uqam.ca\/index.php\/wp-json\/wp\/v2\/media\/9164"}],"wp:attachment":[{"href":"https:\/\/chrs.uqam.ca\/index.php\/wp-json\/wp\/v2\/media?parent=9162"}],"wp:term":[{"taxonomy":"category","embeddable":true,"href":"https:\/\/chrs.uqam.ca\/index.php\/wp-json\/wp\/v2\/categories?post=9162"},{"taxonomy":"post_tag","embeddable":true,"href":"https:\/\/chrs.uqam.ca\/index.php\/wp-json\/wp\/v2\/tags?post=9162"}],"curies":[{"name":"wp","href":"https:\/\/api.w.org\/{rel}","templated":true}]}}