{"id":911,"date":"2013-03-26T18:39:10","date_gmt":"2013-03-26T17:39:10","guid":{"rendered":"http:\/\/chrs.cieq.ca\/?p=911"},"modified":"2017-02-28T21:49:39","modified_gmt":"2017-02-28T20:49:39","slug":"retour-sur-la-communication-de-martin-robert-au-colloque-du-groupe-dhistoire-de-montreal","status":"publish","type":"post","link":"https:\/\/chrs.uqam.ca\/index.php\/2013\/03\/26\/retour-sur-la-communication-de-martin-robert-au-colloque-du-groupe-dhistoire-de-montreal\/","title":{"rendered":"Retour sur la communication de Martin Robert au colloque du Groupe d&rsquo;histoire de Montr\u00e9al"},"content":{"rendered":"<p class=\"p1\"><span class=\"s1\">En remplacement de <a href=\"http:\/\/chrs.cieq.ca\/index.php\/a-propos\/equipe\/membres-reguliers\/martin-petitclerc\/\"><span class=\"s2\">Martin Petitclerc<\/span><\/a>, directeur du CHRS, l&rsquo;assistant de recherche Martin Robert a pr\u00e9sent\u00e9 une communication intitul\u00e9e \u00abUne br\u00e8ve histoire du n\u00e9olib\u00e9ralisme : les lois sp\u00e9ciales au Qu\u00e9bec (1980-2012)\u00bb \u00e0 l&rsquo;occasion du colloque L\u00e9gitimit\u00e9, autorit\u00e9 et histoire du Groupe d&rsquo;histoire de Montr\u00e9al, \u00e0 la Thomson House de l&rsquo;Universit\u00e9 McGill, le 26 avril dernier.<\/span><\/p>\n<figure id=\"attachment_912\" aria-describedby=\"caption-attachment-912\" style=\"width: 300px\" class=\"wp-caption alignnone\"><img loading=\"lazy\" decoding=\"async\" class=\"wp-image-912 size-medium\" src=\"http:\/\/chrs.cieq.ca\/wp-content\/uploads\/2017\/02\/CHRS_MR-300x161.jpg\" alt=\"Cr\u00e9dit photo : Daniel Simeone\" width=\"300\" height=\"161\" srcset=\"https:\/\/chrs.uqam.ca\/wp-content\/uploads\/2017\/02\/CHRS_MR-300x161.jpg 300w, https:\/\/chrs.uqam.ca\/wp-content\/uploads\/2017\/02\/CHRS_MR-768x412.jpg 768w, https:\/\/chrs.uqam.ca\/wp-content\/uploads\/2017\/02\/CHRS_MR-1024x549.jpg 1024w\" sizes=\"auto, (max-width: 300px) 100vw, 300px\" \/><figcaption id=\"caption-attachment-912\" class=\"wp-caption-text\">Cr\u00e9dit photo : Daniel Simeone<\/figcaption><\/figure>\n<p class=\"p1\"><span class=\"s1\">Cette communication, qui s&rsquo;inscrit dans le projet de recherche que m\u00e8ne <a href=\"http:\/\/chrs.cieq.ca\/index.php\/a-propos\/equipe\/membres-reguliers\/martin-petitclerc\/\"><span class=\"s2\">Martin Petitclerc<\/span> <\/a>et Martin Robert sur <a href=\"http:\/\/chrs.cieq.ca\/index.php\/recherche\/realisations\/projets-de-recherche-termines\/le-recours-aux-lois-speciales-et-le-droit-de-greve-depuis-1980-au-quebec\/\"><span class=\"s2\">l&rsquo;histoire des lois sp\u00e9ciales dans les conflits de travail au Qu\u00e9bec<\/span><\/a>, faisait partie de la s\u00e9ance Contester l&rsquo;autorit\u00e9, r\u00e9clamer une l\u00e9gitimit\u00e9, qui incluait \u00e9galement des interventions d&rsquo;Ester Reiter (Universit\u00e9 York) et de G\u00e9rard Beaudet (Universit\u00e9 de Montr\u00e9al).<\/span><\/p>\n<p class=\"p1\"><span class=\"s1\"><a href=\"http:\/\/chrs.cieq.ca\/wp-content\/uploads\/2017\/02\/may-day-2013-programme-fr.pdf\">Pour t\u00e9l\u00e9charger le programme de l&rsquo;\u00e9v\u00e9nement<\/a>,\u00a0<\/span><\/p>\n<p class=\"p1\"><a href=\"http:\/\/chrs.cieq.ca\/wp-content\/uploads\/2017\/02\/may-day-2013-poster-fr-2.pdf\"><span class=\"s1\">et pour l&rsquo;affiche,\u00a0<\/span><\/a><\/p>\n<p class=\"p1\">\n<p class=\"p1\"><span class=\"s1\">.<\/span><\/p>\n","protected":false},"excerpt":{"rendered":"<p>En remplacement de Martin Petitclerc, directeur du CHRS, l&rsquo;assistant de recherche Martin Robert a pr\u00e9sent\u00e9 une communication intitul\u00e9e \u00abUne br\u00e8ve histoire du n\u00e9olib\u00e9ralisme : les lois sp\u00e9ciales au Qu\u00e9bec (1980-2012)\u00bb&#8230;<\/p>\n","protected":false},"author":3,"featured_media":1853,"comment_status":"open","ping_status":"open","sticky":false,"template":"","format":"standard","meta":{"_monsterinsights_skip_tracking":false,"_monsterinsights_sitenote_active":false,"_monsterinsights_sitenote_note":"","_monsterinsights_sitenote_category":0,"footnotes":""},"categories":[5],"tags":[13],"class_list":["post-911","post","type-post","status-publish","format-standard","has-post-thumbnail","hentry","category-colloques-et-conferences","tag-martin-petitclerc"],"_links":{"self":[{"href":"https:\/\/chrs.uqam.ca\/index.php\/wp-json\/wp\/v2\/posts\/911","targetHints":{"allow":["GET"]}}],"collection":[{"href":"https:\/\/chrs.uqam.ca\/index.php\/wp-json\/wp\/v2\/posts"}],"about":[{"href":"https:\/\/chrs.uqam.ca\/index.php\/wp-json\/wp\/v2\/types\/post"}],"author":[{"embeddable":true,"href":"https:\/\/chrs.uqam.ca\/index.php\/wp-json\/wp\/v2\/users\/3"}],"replies":[{"embeddable":true,"href":"https:\/\/chrs.uqam.ca\/index.php\/wp-json\/wp\/v2\/comments?post=911"}],"version-history":[{"count":0,"href":"https:\/\/chrs.uqam.ca\/index.php\/wp-json\/wp\/v2\/posts\/911\/revisions"}],"wp:featuredmedia":[{"embeddable":true,"href":"https:\/\/chrs.uqam.ca\/index.php\/wp-json\/wp\/v2\/media\/1853"}],"wp:attachment":[{"href":"https:\/\/chrs.uqam.ca\/index.php\/wp-json\/wp\/v2\/media?parent=911"}],"wp:term":[{"taxonomy":"category","embeddable":true,"href":"https:\/\/chrs.uqam.ca\/index.php\/wp-json\/wp\/v2\/categories?post=911"},{"taxonomy":"post_tag","embeddable":true,"href":"https:\/\/chrs.uqam.ca\/index.php\/wp-json\/wp\/v2\/tags?post=911"}],"curies":[{"name":"wp","href":"https:\/\/api.w.org\/{rel}","templated":true}]}}