{"id":9005,"date":"2021-06-15T12:36:17","date_gmt":"2021-06-15T16:36:17","guid":{"rendered":"https:\/\/chrs.dev.uqam.ca\/?p=9005"},"modified":"2021-06-15T12:37:01","modified_gmt":"2021-06-15T16:37:01","slug":"presence-mediatique-de-catherine-larochelle-a-propos-de-lhistoire-du-quebec-et-drame-des-pensionnats-de-louest-canadien","status":"publish","type":"post","link":"https:\/\/chrs.uqam.ca\/index.php\/2021\/06\/15\/presence-mediatique-de-catherine-larochelle-a-propos-de-lhistoire-du-quebec-et-drame-des-pensionnats-de-louest-canadien\/","title":{"rendered":"Catherine Larochelle \u00e0 propos de l&rsquo;histoire du Qu\u00e9bec et du drame des pensionnats de l\u2019Ouest canadien"},"content":{"rendered":"\n<p>La professeure d&rsquo;histoire Catherine Larochelle, a r\u00e9v\u00e9l\u00e9 les liens entre l&rsquo;histoire du Qu\u00e9bec et drame des pensionnats de l\u2019Ouest canadien sur diff\u00e9rentes plateformes dans les derni\u00e8res semaines. L&rsquo;historienne et p\u00e9dagogue, m\u00e8ne d&rsquo;ailleurs un chantier de recherche sur l\u2019h\u00e9ro\u00efsation du P\u00e8re Albert Lacombe, originaire de Saint-Sulpice (L&rsquo;Assomption), et l\u2019un des missionnaires catholiques les plus c\u00e9l\u00e8bres des deux derniers si\u00e8cles. <\/p>\n\n\n\n<p>Le 8 juin 2021, Catherine Larochelle, a publi\u00e9 le texte <a rel=\"noreferrer noopener\" aria-label=\"\u00ab L\u2019histoire des pensionnats de l\u2019Ouest est une histoire qu\u00e9b\u00e9coise&nbsp;\u00bb  (s\u2019ouvre dans un nouvel onglet)\" href=\"https:\/\/histoireengagee.ca\/lhistoire-des-pensionnats-de-louest-est-une-histoire-quebecoise\/\" target=\"_blank\">\u00ab L\u2019histoire des pensionnats de l\u2019Ouest est une histoire qu\u00e9b\u00e9coise&nbsp;\u00bb <\/a>sur le site <em>HistoireEngag\u00e9e.ca<\/em>. \u00ab Le passage de l\u2019identit\u00e9 canadienne-fran\u00e7aise \u00e0 l\u2019identit\u00e9 qu\u00e9b\u00e9coise au tournant de la R\u00e9volution tranquille et dans le contexte des d\u00e9colonisations a \u00e9t\u00e9 un pr\u00e9texte parfait pour enterrer le plus profond\u00e9ment possible l\u2019histoire partag\u00e9e de la province francophone avec l\u2019Ouest du pays. Au m\u00eame moment, le recentrement de l\u2019histoire dite nationale \u00e0 l\u2019int\u00e9rieur des fronti\u00e8res provinciales a accentu\u00e9 ce ph\u00e9nom\u00e8ne, de sorte qu\u2019aujourd\u2019hui, une bonne part de la population \u00e9duqu\u00e9e depuis cette \u00e9poque ne fait pas le lien entre le Qu\u00e9bec et la colonisation de l\u2019Ouest. \u00bb exprime-t-elle en introduction du texte. Une version traduite vers l&rsquo;anglais est \u00e9galement <a href=\"http:\/\/activehistory.ca\/2021\/06\/residential-schools-how-quebec-colonized-the-west\/\" target=\"_blank\" rel=\"noreferrer noopener\" aria-label=\"disponible (s\u2019ouvre dans un nouvel onglet)\">disponible<\/a>. <\/p>\n\n\n\n<p>Le 11 juin dernier, la journaliste Camille Payeur, publiait un entretien avec la professeure Larochelle, au sein du magazine <em>L&rsquo;Actualit\u00e9<\/em>. L&rsquo;article \u00ab Oui, le Qu\u00e9bec est concern\u00e9 par le drame des pensionnats de l\u2019Ouest canadien \u00bb se trouve en consultation<a rel=\"noreferrer noopener\" aria-label=\" ici (s\u2019ouvre dans un nouvel onglet)\" href=\"https:\/\/lactualite.com\/societe\/oui-le-quebec-est-concerne-par-le-drame-des-pensionnats-de-louest-canadien\/\" target=\"_blank\"> ici<\/a>. <\/p>\n\n\n\n<p>Pour en apprendre davantage sur ses recherches portant sur le colonialisme et le missionnariat canadien-fran\u00e7ais et son parcours, nous vous invitions \u00e0 lire le billet du Blogue CHRS \u00ab&nbsp;<a href=\"https:\/\/chrs.uqam.ca\/index.php\/2021\/06\/10\/grand-entretien-avec-catherine-larochelle\/\" target=\"_blank\" rel=\"noreferrer noopener\" aria-label=\"Grand entretien avec Catherine Larochelle (s\u2019ouvre dans un nouvel onglet)\">Grand entretien avec Catherine Larochelle<\/a> \u00bb par Sandrine Labelle, membre \u00e9tudiante de notre \u00e9quipe. <\/p>\n","protected":false},"excerpt":{"rendered":"<p>La professeure d&rsquo;histoire Catherine Larochelle, a r\u00e9v\u00e9l\u00e9 les liens entre l&rsquo;histoire du Qu\u00e9bec et drame des pensionnats de l\u2019Ouest canadien sur diff\u00e9rentes plateformes dans les derni\u00e8res semaines. L&rsquo;historienne et p\u00e9dagogue,&#8230;<\/p>\n","protected":false},"author":2,"featured_media":7179,"comment_status":"closed","ping_status":"closed","sticky":false,"template":"","format":"standard","meta":{"_monsterinsights_skip_tracking":false,"_monsterinsights_sitenote_active":false,"_monsterinsights_sitenote_note":"","_monsterinsights_sitenote_category":0,"footnotes":""},"categories":[3],"tags":[43],"class_list":["post-9005","post","type-post","status-publish","format-standard","has-post-thumbnail","hentry","category-actualites","tag-catherine-larochelle"],"_links":{"self":[{"href":"https:\/\/chrs.uqam.ca\/index.php\/wp-json\/wp\/v2\/posts\/9005","targetHints":{"allow":["GET"]}}],"collection":[{"href":"https:\/\/chrs.uqam.ca\/index.php\/wp-json\/wp\/v2\/posts"}],"about":[{"href":"https:\/\/chrs.uqam.ca\/index.php\/wp-json\/wp\/v2\/types\/post"}],"author":[{"embeddable":true,"href":"https:\/\/chrs.uqam.ca\/index.php\/wp-json\/wp\/v2\/users\/2"}],"replies":[{"embeddable":true,"href":"https:\/\/chrs.uqam.ca\/index.php\/wp-json\/wp\/v2\/comments?post=9005"}],"version-history":[{"count":0,"href":"https:\/\/chrs.uqam.ca\/index.php\/wp-json\/wp\/v2\/posts\/9005\/revisions"}],"wp:featuredmedia":[{"embeddable":true,"href":"https:\/\/chrs.uqam.ca\/index.php\/wp-json\/wp\/v2\/media\/7179"}],"wp:attachment":[{"href":"https:\/\/chrs.uqam.ca\/index.php\/wp-json\/wp\/v2\/media?parent=9005"}],"wp:term":[{"taxonomy":"category","embeddable":true,"href":"https:\/\/chrs.uqam.ca\/index.php\/wp-json\/wp\/v2\/categories?post=9005"},{"taxonomy":"post_tag","embeddable":true,"href":"https:\/\/chrs.uqam.ca\/index.php\/wp-json\/wp\/v2\/tags?post=9005"}],"curies":[{"name":"wp","href":"https:\/\/api.w.org\/{rel}","templated":true}]}}