{"id":892,"date":"2013-05-09T20:22:32","date_gmt":"2013-05-09T19:22:32","guid":{"rendered":"http:\/\/chrs.cieq.ca\/?p=892"},"modified":"2017-02-28T20:46:50","modified_gmt":"2017-02-28T19:46:50","slug":"jean-trepanier-nomme-professeur-emerite-par-le-conseil-de-luniversite-de-montreal","status":"publish","type":"post","link":"https:\/\/chrs.uqam.ca\/index.php\/2013\/05\/09\/jean-trepanier-nomme-professeur-emerite-par-le-conseil-de-luniversite-de-montreal\/","title":{"rendered":"Jean Tr\u00e9panier nomm\u00e9 professeur \u00e9m\u00e9rite par le Conseil de l\u2019Universit\u00e9 de Montr\u00e9al"},"content":{"rendered":"<p class=\"p1\"><a href=\"http:\/\/chrs.cieq.ca\/index.php\/a-propos\/equipe\/membres-reguliers\/jean-trepanier\/\"><span class=\"s1\">Jean Tr\u00e9panier<\/span><\/a><span class=\"s2\">, chercheur au CHRS depuis 1990, a \u00e9t\u00e9 nomm\u00e9 professeur \u00e9m\u00e9rite, ce qui sera officialis\u00e9 \u00e0 l&rsquo;occasion de la collation des grades de l&rsquo;Universit\u00e9 de Montr\u00e9al qui se tiendra le vendredi 31 mai prochain.<\/span><\/p>\n<p class=\"p2\" style=\"text-align: left\"><img loading=\"lazy\" decoding=\"async\" class=\"size-full wp-image-893 alignright\" src=\"http:\/\/chrs.cieq.ca\/wp-content\/uploads\/2017\/02\/jean_trepanier_0.jpg\" alt=\"\" width=\"166\" height=\"200\" \/>De la part de toute l&rsquo;\u00e9quipe : f\u00e9licitations<\/p>\n<p class=\"p1\"><a href=\"http:\/\/chrs.cieq.ca\/index.php\/a-propos\/equipe\/membres-reguliers\/jean-trepanier\/\"><span class=\"s1\">Jean Tr\u00e9panier<\/span><\/a><span class=\"s2\"> est juriste et criminologue, professeur retrait\u00e9 \u00e0 l&rsquo;\u00c9cole de criminologie de l&rsquo;Universit\u00e9 de Montr\u00e9al et \u00e9galement chercheur au <a href=\"http:\/\/www.cicc.umontreal.ca\/\"><span class=\"s1\">Centre international de criminologie compar\u00e9e (CICC)<\/span><\/a>. Ses travaux ont port\u00e9 sur divers domaines de la criminologie, avec une sp\u00e9cialisation marqu\u00e9e pour la justice des mineurs et l&rsquo;histoire du p\u00e9nal.<\/span><\/p>\n<p class=\"p2\"><span class=\"s2\">Ses int\u00e9r\u00eats et r\u00e9alisations de recherche peuvent \u00eatre group\u00e9s en trois rubriques :<\/span><\/p>\n<p class=\"p1\"><span class=\"s2\"><b>1. Les politiques visant les jeunes contrevenants et les enfants en danger<\/b><\/span><\/p>\n<p class=\"p1\"><span class=\"s1\"><a href=\"https:\/\/chrs.uqam.ca\/jean-trepanier\">Jean Tr\u00e9panier<\/a><\/span><span class=\"s2\"> a produit une s\u00e9rie de travaux portant sur les politiques et interventions de la justice \u00e0 l&rsquo;endroit des jeunes contrevenants, se concentrant sur les objectifs de ces politiques et interventions ainsi que sur l&rsquo;analyse critique des orientations adopt\u00e9es au cours des derni\u00e8res ann\u00e9es.<\/span><\/p>\n<p class=\"p1\"><span class=\"s2\"><b>2. L&rsquo;histoire de la justice des mineurs et de l&rsquo;enfermement p\u00e9nal au Canada<\/b><\/span><\/p>\n<p class=\"p2\"><span class=\"s2\">Les r\u00e9flexions de<a href=\"http:\/\/chrs.cieq.ca\/index.php\/a-propos\/equipe\/membres-reguliers\/jean-trepanier\/\"> <span class=\"s1\">Jean Tr\u00e9panier<\/span> <\/a>sur la justice des mineurs et les objectifs des politiques et pratiques d&rsquo;intervention ont influenc\u00e9 le type de questionnements \u00e0 l&rsquo;origine de ses travaux en histoire de la justice des mineurs et de l&rsquo;enfermement p\u00e9nal. Ces travaux constituent le volet majeur de ses activit\u00e9s de recherche r\u00e9centes.<\/span><\/p>\n<p class=\"p1\"><span class=\"s2\"><b>3. Perspective compar\u00e9e sur l&rsquo;histoire de la justice et des institutions pour mineurs<\/b><\/span><\/p>\n<p class=\"p2\"><span class=\"s2\">Les travaux \u00e0 caract\u00e8re historique du professeur Tr\u00e9panier ont d&rsquo;abord port\u00e9 sur le Canada, pour s&rsquo;\u00e9largie ensuite \u00e0 des perspectives internationales compar\u00e9es. Cette posture l&rsquo;a amen\u00e9 \u00e0 contribuer \u00e0 trois ouvrages : l&rsquo;un visant la comparaison entre la Belgique et le Canada (1), un second sur la gen\u00e8se de la protection de l&rsquo;enfance dans quatre pays (2), et enfin un num\u00e9ro de la revue Le temps de l&rsquo;histoire (3) dont il a assur\u00e9 la codirection de l&rsquo;\u00e9dition. Deux ouvrages sont par ailleurs en pr\u00e9paration sous sa direction.<\/span><\/p>\n<p class=\"p2\"><span class=\"s2\">(1) TR\u00c9PANIER, J. et F. TULKENS (1995). D\u00e9linquance et protection de la jeunesse : aux sources des lois belges et canadiennes sur l&rsquo;enfance. Bruxelles: DeBoeck Universit\u00e9. 139 p.<\/span><\/p>\n<p class=\"p2\"><span class=\"s2\">(2) DUPONT-BOUCHAT, M.-S., \u00c9. PIERRE (\u00e9d.), avec J.-M. FECTEAU, J. TR\u00c9PANIER, J.-G. PETIT, B. SCHNAPPER, J. DEKKER, et avec la collaboration de S. M\u00c9NARD et V. STRIMELLE (2001). Enfance et justice au XIXe si\u00e8cle. Essais d&rsquo;histoire compar\u00e9e de la protection de l&rsquo;enfance, 1820-1914, France, Belgique, Pays-Bas, Canada. Paris: Presses Universitaires de France. 443 p.<\/span><\/p>\n<p class=\"p2\"><span class=\"s2\">(3) PIERRE, \u00c9. et J. TR\u00c9PANIER (\u00e9d.) (2003). Pratiques \u00e9ducatives et syst\u00e8mes judiciaires en Europe et au Qu\u00e9bec (XIXe-XXe si\u00e8cles). \u00c9dition d&rsquo;un num\u00e9ro th\u00e9matique de la revue Le temps de l&rsquo;histoire (vol. 5). Vaucresson (France), Centre national de formation et d&rsquo;\u00e9tudes de la protection judiciairie de la jeunesse. 282 p.<\/span><\/p>\n","protected":false},"excerpt":{"rendered":"<p>Jean Tr\u00e9panier, chercheur au CHRS depuis 1990, a \u00e9t\u00e9 nomm\u00e9 professeur \u00e9m\u00e9rite, ce qui sera officialis\u00e9 \u00e0 l&rsquo;occasion de la collation des grades de l&rsquo;Universit\u00e9 de Montr\u00e9al qui se tiendra&#8230;<\/p>\n","protected":false},"author":3,"featured_media":893,"comment_status":"open","ping_status":"open","sticky":false,"template":"","format":"standard","meta":{"_monsterinsights_skip_tracking":false,"_monsterinsights_sitenote_active":false,"_monsterinsights_sitenote_note":"","_monsterinsights_sitenote_category":0,"footnotes":""},"categories":[3],"tags":[26],"class_list":["post-892","post","type-post","status-publish","format-standard","has-post-thumbnail","hentry","category-actualites","tag-jean-trepanier"],"_links":{"self":[{"href":"https:\/\/chrs.uqam.ca\/index.php\/wp-json\/wp\/v2\/posts\/892","targetHints":{"allow":["GET"]}}],"collection":[{"href":"https:\/\/chrs.uqam.ca\/index.php\/wp-json\/wp\/v2\/posts"}],"about":[{"href":"https:\/\/chrs.uqam.ca\/index.php\/wp-json\/wp\/v2\/types\/post"}],"author":[{"embeddable":true,"href":"https:\/\/chrs.uqam.ca\/index.php\/wp-json\/wp\/v2\/users\/3"}],"replies":[{"embeddable":true,"href":"https:\/\/chrs.uqam.ca\/index.php\/wp-json\/wp\/v2\/comments?post=892"}],"version-history":[{"count":0,"href":"https:\/\/chrs.uqam.ca\/index.php\/wp-json\/wp\/v2\/posts\/892\/revisions"}],"wp:featuredmedia":[{"embeddable":true,"href":"https:\/\/chrs.uqam.ca\/index.php\/wp-json\/wp\/v2\/media\/893"}],"wp:attachment":[{"href":"https:\/\/chrs.uqam.ca\/index.php\/wp-json\/wp\/v2\/media?parent=892"}],"wp:term":[{"taxonomy":"category","embeddable":true,"href":"https:\/\/chrs.uqam.ca\/index.php\/wp-json\/wp\/v2\/categories?post=892"},{"taxonomy":"post_tag","embeddable":true,"href":"https:\/\/chrs.uqam.ca\/index.php\/wp-json\/wp\/v2\/tags?post=892"}],"curies":[{"name":"wp","href":"https:\/\/api.w.org\/{rel}","templated":true}]}}