{"id":8826,"date":"2021-04-15T13:51:03","date_gmt":"2021-04-15T17:51:03","guid":{"rendered":"https:\/\/chrs.dev.uqam.ca\/?p=8826"},"modified":"2021-04-16T11:12:28","modified_gmt":"2021-04-16T15:12:28","slug":"nos-membres-au-colloque-sur-les-archives-judiciaires-de-banq-du-3-au-6-mai-2021","status":"publish","type":"post","link":"https:\/\/chrs.uqam.ca\/index.php\/2021\/04\/15\/nos-membres-au-colloque-sur-les-archives-judiciaires-de-banq-du-3-au-6-mai-2021\/","title":{"rendered":"Nos membres aux journ\u00e9es d&rsquo;\u00e9tude sur les archives judiciaires de BAnQ du 3 au 6 mai 2021"},"content":{"rendered":"\n<p>Du 3 au 6 mai 2021, Biblioth\u00e8que et Archives nationales du Qu\u00e9bec donne rendez-vous en ligne aux passionn\u00e9s d&rsquo;archives judiciaires. Plusieurs sp\u00e9cialistes des Archives nationales du Qu\u00e9bec et pr\u00e8s de 30 conf\u00e9renciers  seront r\u00e9unis pour l&rsquo;occasion.<\/p>\n\n\n\n<p>Les membres r\u00e9guliers Donald Fyson, Thierry Nootens et Isabelle Perreault, ainsi que Nathalie Ricard, V\u00e9ronika Brandl-Mouton et Alexandre Lapalme, membres \u00e9tudiants, participeront \u00e0 l&rsquo;\u00e9v\u00e9nement.<\/p>\n\n\n\n<p>Enjeux de recherche, bases de donn\u00e9es, motifs de jugements, jeunesse et d\u00e9linquance, Nouvelle-France, Premiers Peuples et plusieurs autres th\u00e8mes seront abord\u00e9s au cours de multiples rendez-vous en ligne pendant quatre jours.Invit\u00e9s d\u2019honneur : le tr\u00e8s honorable Richard Wagner, C.P., juge en chef du Canada, et Me Paul-Matthieu Grondin, b\u00e2tonnier du Qu\u00e9bec. <\/p>\n\n\n\n<p>Consulter la programmation ici : <a href=\"https:\/\/images.cieq.ca\/CIEQ_WEB\/multimedia\/Programme_archives-judiciaires_f.pdf\">https:\/\/images.cieq.ca\/CIEQ_WEB\/multimedia\/Programme_archives-judiciaires_f.pdf<\/a><\/p>\n\n\n\n<p>Ouvert \u00e0 tous.<br>R\u00e9servation obligatoire \u00e0<a href=\"https:\/\/www.weezevent.com\/journees-detude-sur-les-archives-judiciaires\"> www.weezevent.com\/journees-detude-sur-les-archives-judiciaires. <\/a><\/p>\n\n\n\n<p>Pour plus d\u2019information,visitez archives100ans.banq.qc.ca ou banq.qc.ca (section Activit\u00e9s). <\/p>\n\n\n\n<div class=\"wp-block-image\"><figure class=\"aligncenter\"><img loading=\"lazy\" decoding=\"async\" width=\"1264\" height=\"933\" src=\"https:\/\/i1.wp.com\/chrs.uqam.ca\/wp-content\/uploads\/2021\/04\/archives_judiciares-1.jpg?fit=740%2C546&amp;ssl=1\" alt=\"\" class=\"wp-image-8832\" srcset=\"https:\/\/chrs.uqam.ca\/wp-content\/uploads\/2021\/04\/archives_judiciares-1.jpg 1264w, https:\/\/chrs.uqam.ca\/wp-content\/uploads\/2021\/04\/archives_judiciares-1-300x221.jpg 300w, https:\/\/chrs.uqam.ca\/wp-content\/uploads\/2021\/04\/archives_judiciares-1-768x567.jpg 768w, https:\/\/chrs.uqam.ca\/wp-content\/uploads\/2021\/04\/archives_judiciares-1-1024x756.jpg 1024w\" sizes=\"auto, (max-width: 1264px) 100vw, 1264px\" \/><\/figure><\/div>\n","protected":false},"excerpt":{"rendered":"<p>Du 3 au 6 mai 2021, Biblioth\u00e8que et Archives nationales du Qu\u00e9bec donne rendez-vous en ligne aux passionn\u00e9s d&rsquo;archives judiciaires. Plusieurs sp\u00e9cialistes des Archives nationales du Qu\u00e9bec et pr\u00e8s de&#8230;<\/p>\n","protected":false},"author":2,"featured_media":8827,"comment_status":"closed","ping_status":"closed","sticky":false,"template":"","format":"standard","meta":{"_monsterinsights_skip_tracking":false,"_monsterinsights_sitenote_active":false,"_monsterinsights_sitenote_note":"","_monsterinsights_sitenote_category":0,"footnotes":""},"categories":[3],"tags":[566,15,17,572,16,568],"class_list":["post-8826","post","type-post","status-publish","format-standard","has-post-thumbnail","hentry","category-actualites","tag-alexandre-lapalme","tag-donald-fyson","tag-isabelle-perreault","tag-nathalie-ricard","tag-thierry-nootens","tag-veronika-brandl-mouton"],"_links":{"self":[{"href":"https:\/\/chrs.uqam.ca\/index.php\/wp-json\/wp\/v2\/posts\/8826","targetHints":{"allow":["GET"]}}],"collection":[{"href":"https:\/\/chrs.uqam.ca\/index.php\/wp-json\/wp\/v2\/posts"}],"about":[{"href":"https:\/\/chrs.uqam.ca\/index.php\/wp-json\/wp\/v2\/types\/post"}],"author":[{"embeddable":true,"href":"https:\/\/chrs.uqam.ca\/index.php\/wp-json\/wp\/v2\/users\/2"}],"replies":[{"embeddable":true,"href":"https:\/\/chrs.uqam.ca\/index.php\/wp-json\/wp\/v2\/comments?post=8826"}],"version-history":[{"count":0,"href":"https:\/\/chrs.uqam.ca\/index.php\/wp-json\/wp\/v2\/posts\/8826\/revisions"}],"wp:featuredmedia":[{"embeddable":true,"href":"https:\/\/chrs.uqam.ca\/index.php\/wp-json\/wp\/v2\/media\/8827"}],"wp:attachment":[{"href":"https:\/\/chrs.uqam.ca\/index.php\/wp-json\/wp\/v2\/media?parent=8826"}],"wp:term":[{"taxonomy":"category","embeddable":true,"href":"https:\/\/chrs.uqam.ca\/index.php\/wp-json\/wp\/v2\/categories?post=8826"},{"taxonomy":"post_tag","embeddable":true,"href":"https:\/\/chrs.uqam.ca\/index.php\/wp-json\/wp\/v2\/tags?post=8826"}],"curies":[{"name":"wp","href":"https:\/\/api.w.org\/{rel}","templated":true}]}}