{"id":879,"date":"2013-05-13T19:28:16","date_gmt":"2013-05-13T18:28:16","guid":{"rendered":"http:\/\/chrs.cieq.ca\/?p=879"},"modified":"2017-02-28T20:45:37","modified_gmt":"2017-02-28T19:45:37","slug":"des-chercheures-et-etudiantes-du-chrs-participeront-a-ledition-2013-du-congres-canadien-des-sciences-humaines-a-victoria","status":"publish","type":"post","link":"https:\/\/chrs.uqam.ca\/index.php\/2013\/05\/13\/des-chercheures-et-etudiantes-du-chrs-participeront-a-ledition-2013-du-congres-canadien-des-sciences-humaines-a-victoria\/","title":{"rendered":"Des chercheures et \u00e9tudiantes du CHRS participeront \u00e0 l\u2019\u00e9dition 2013 du Congr\u00e8s canadien des sciences humaines \u00e0 Victoria"},"content":{"rendered":"<p class=\"p1\"><span class=\"s1\">Au d\u00e9but du mois de juin prochain, les chercheures <a href=\"https:\/\/chrs.uqam.ca\/janice-harvey\"><span class=\"s2\">Janice Harvey<\/span><\/a>, <a href=\"http:\/\/chrs.cieq.ca\/index.php\/a-propos\/equipe\/membres-reguliers\/isabelle-perreault\/\"><span class=\"s2\">Isabelle Perreault<\/span><\/a> et <a href=\"http:\/\/chrs.cieq.ca\/index.php\/a-propos\/equipe\/membres-reguliers\/marie-claude-thifault\/\"><span class=\"s2\">Marie-Claude Thifault<\/span><\/a>, de m\u00eame que les \u00e9tudiantes <span class=\"s2\">Sandra Harrisson<\/span> et <span class=\"s2\">Val\u00e9rie Poirier<\/span> participeront \u00e0 l&rsquo;\u00e9dition 2013 du <a href=\"http:\/\/www.idees-ideas.ca\/media\/evenements\/congres-2013\"><span class=\"s2\">Congr\u00e8s canadien des sciences humaines<\/span><\/a> qui se tiendra \u00e0 l&rsquo;Universit\u00e9 de Victoria, en Colombie-Britannique, du 1<\/span><span class=\"s3\"><sup>er<\/sup><\/span><span class=\"s1\"> au 8 juin.<img loading=\"lazy\" decoding=\"async\" class=\"size-medium wp-image-1836 alignright\" src=\"http:\/\/chrs.cieq.ca\/wp-content\/uploads\/2013\/05\/federation-schumaines-300x104.png\" alt=\"\" width=\"300\" height=\"104\" \/><\/span><\/p>\n<p class=\"p3\"><span class=\"s1\">D&rsquo;abord, dans le cadre du Congr\u00e8s de la Soci\u00e9t\u00e9 canadienne d&rsquo;histoire de la m\u00e9decine (SCHM), <a href=\"http:\/\/chrs.cieq.ca\/index.php\/a-propos\/equipe\/membres-reguliers\/marie-claude-thifault\/\"><span class=\"s2\">Marie-Claude Thifault<\/span> <\/a>et <a href=\"http:\/\/chrs.cieq.ca\/index.php\/a-propos\/equipe\/membres-reguliers\/isabelle-perreault\/\"><span class=\"s2\">Isabelle Perreault<\/span><\/a> pr\u00e9senteront une communication intitul\u00e9e \u00abApr\u00e8s Foucault. Questionnements th\u00e9oriques et m\u00e9thodologiques sur l&rsquo;histoire de la folie\u00bb dans le cadre du panel intitul\u00e9 <em>Mental Disease and Disorder<\/em>. Sandra Harrisson, \u00e9tudiante au doctorat \u00e0 l&rsquo;Universit\u00e9 d&rsquo;Ottawa sous la direction de <span class=\"s2\">Marie-Claude Thifault<\/span>, pr\u00e9sentera quant \u00e0 elle une communication intitul\u00e9e \u00abLes th\u00e9ories du <em>care<\/em> et les d\u00e9fis de la communautarisation. Une vision de changement\u00bb dans le cadre du panel <em>Health, Place and Service Delivery.<\/em><\/span><\/p>\n<p class=\"p1\"><span class=\"s1\">our consulter le programme 2013 du Congr\u00e8s de la SCHM, <a href=\"http:\/\/cshm-schm.ca\/wp-content\/uploads\/2011\/10\/FinalProgramandAbstracts.pdf\"><span class=\"s2\">cliquez ici<\/span><\/a>.<\/span><\/p>\n<p class=\"p1\"><span class=\"s1\">Ensuite, dans le cadre de la r\u00e9union annuelle de la Soci\u00e9t\u00e9 historique du Canada (SHC), Janice Harvey pr\u00e9sentera une communication intitul\u00e9e <em>\u00abThe aged poor at the intersection of shifting attitudes and concepts of care : the transformation of a House of Industry to an extented care center, Montr\u00e9al, 1863-1976\u00bb<\/em> dans le cadre du panel intitul\u00e9 Travail dans un monde d\u00e9cousu. Val\u00e9rie Poirier, \u00e9tudiante au doctorat \u00e0 l&rsquo;UQAM sous la direction de <a href=\"http:\/\/chrs.cieq.ca\/index.php\/a-propos\/equipe\/membres-reguliers\/martin-petitclerc\/\"><span class=\"s2\">Martin Petitclerc<\/span><\/a>, y pr\u00e9sentera une communication intitul\u00e9e \u00abL&rsquo;autoroute est-ouest, c&rsquo;est pas le progr\u00e8s! : environnement et mobilisation citoyenne en opposition au projet d&rsquo;autoroute est-ouest \u00e0 Montr\u00e9al en 1971\u00bb dans le cadre du panel intitul\u00e9 Notre ville, nos voix : L&rsquo;activisme citoyen et la planification urbaine au Canada, 1950-1980.<\/span><\/p>\n<p class=\"p1\"><span class=\"s1\">Pour consulter le programme 2013 de la r\u00e9union annuelle de la SHC, <a href=\"http:\/\/www.cha-shc.ca\/vm\/newvisual\/attachments\/893\/Media\/FinalProgramOnlineMay22-2.pdf\"><span class=\"s2\">cliquez ici<\/span><\/a>.<\/span><\/p>\n<p class=\"p1\"><span class=\"s1\">Enfin, <span class=\"s2\">Isabelle Perreault<\/span> pr\u00e9sentera une communication intitul\u00e9e \u00ab\u00a0\u00bbUne maison de verre\u00a0\u00bb, La sexologie \u00e0 l&rsquo;UQAM, 1970-1990\u00bb au Colloque de l&rsquo;association d&rsquo;\u00e9tudes sur la sexualit\u00e9, le 1er juin 2013. Pour consulter le programme complet, <a href=\"http:\/\/www.congress2013.ca\/sites\/default\/files\/sites\/default\/uploads\/congress\/Congress2013\/303-ssa-aes-may-8.pdf\"><span class=\"s2\">cliquez ici<\/span><\/a>.<\/span><\/p>\n","protected":false},"excerpt":{"rendered":"<p>Au d\u00e9but du mois de juin prochain, les chercheures Janice Harvey, Isabelle Perreault et Marie-Claude Thifault, de m\u00eame que les \u00e9tudiantes Sandra Harrisson et Val\u00e9rie Poirier participeront \u00e0 l&rsquo;\u00e9dition 2013&#8230;<\/p>\n","protected":false},"author":3,"featured_media":1836,"comment_status":"open","ping_status":"open","sticky":false,"template":"","format":"standard","meta":{"_monsterinsights_skip_tracking":false,"_monsterinsights_sitenote_active":false,"_monsterinsights_sitenote_note":"","_monsterinsights_sitenote_category":0,"footnotes":""},"categories":[5],"tags":[17,14,13],"class_list":["post-879","post","type-post","status-publish","format-standard","has-post-thumbnail","hentry","category-colloques-et-conferences","tag-isabelle-perreault","tag-marie-claude-thifault","tag-martin-petitclerc"],"_links":{"self":[{"href":"https:\/\/chrs.uqam.ca\/index.php\/wp-json\/wp\/v2\/posts\/879","targetHints":{"allow":["GET"]}}],"collection":[{"href":"https:\/\/chrs.uqam.ca\/index.php\/wp-json\/wp\/v2\/posts"}],"about":[{"href":"https:\/\/chrs.uqam.ca\/index.php\/wp-json\/wp\/v2\/types\/post"}],"author":[{"embeddable":true,"href":"https:\/\/chrs.uqam.ca\/index.php\/wp-json\/wp\/v2\/users\/3"}],"replies":[{"embeddable":true,"href":"https:\/\/chrs.uqam.ca\/index.php\/wp-json\/wp\/v2\/comments?post=879"}],"version-history":[{"count":0,"href":"https:\/\/chrs.uqam.ca\/index.php\/wp-json\/wp\/v2\/posts\/879\/revisions"}],"wp:featuredmedia":[{"embeddable":true,"href":"https:\/\/chrs.uqam.ca\/index.php\/wp-json\/wp\/v2\/media\/1836"}],"wp:attachment":[{"href":"https:\/\/chrs.uqam.ca\/index.php\/wp-json\/wp\/v2\/media?parent=879"}],"wp:term":[{"taxonomy":"category","embeddable":true,"href":"https:\/\/chrs.uqam.ca\/index.php\/wp-json\/wp\/v2\/categories?post=879"},{"taxonomy":"post_tag","embeddable":true,"href":"https:\/\/chrs.uqam.ca\/index.php\/wp-json\/wp\/v2\/tags?post=879"}],"curies":[{"name":"wp","href":"https:\/\/api.w.org\/{rel}","templated":true}]}}