{"id":877,"date":"2013-05-14T19:12:41","date_gmt":"2013-05-14T18:12:41","guid":{"rendered":"http:\/\/chrs.cieq.ca\/?p=877"},"modified":"2017-02-28T20:20:42","modified_gmt":"2017-02-28T19:20:42","slug":"isabelle-perreault-et-marie-claude-thifault-presenteront-une-communication-en-france-le-6-juin-prochain","status":"publish","type":"post","link":"https:\/\/chrs.uqam.ca\/index.php\/2013\/05\/14\/isabelle-perreault-et-marie-claude-thifault-presenteront-une-communication-en-france-le-6-juin-prochain\/","title":{"rendered":"Isabelle Perreault et Marie-Claude Thifault pr\u00e9senteront une communication en France le 6 juin prochain"},"content":{"rendered":"<p class=\"p1\"><span class=\"s1\"><img loading=\"lazy\" decoding=\"async\" class=\"size-medium wp-image-1829 alignleft\" src=\"http:\/\/chrs.cieq.ca\/wp-content\/uploads\/2013\/05\/Diapositive_parlebas-300x61.jpg\" alt=\"\" width=\"300\" height=\"61\" \/>Le 6 juin prochain, <a href=\"http:\/\/chrs.cieq.ca\/index.php\/a-propos\/equipe\/membres-reguliers\/isabelle-perreault\/\"><span class=\"s2\">Isabelle Perreault<\/span><\/a> et <a href=\"http:\/\/chrs.cieq.ca\/index.php\/a-propos\/equipe\/membres-reguliers\/marie-claude-thifault\/\"><span class=\"s2\">Marie-Claude Thifault<\/span><\/a>, chercheures au CHRS, pr\u00e9senteront une communication intitul\u00e9e \u00ab \u00ab\u00a0-\u00c0 certains moments, il semblait se rendre compte de son \u00e9tat, il disait \u00ab\u00a0Je ne veux pas devenir fou\u00a0\u00bb.\u00a0\u00bb Questionnements th\u00e9oriques et m\u00e9thodologiques sur la dialectique entre psychiatres et patients \u00e0 l&rsquo;H\u00f4pital Saint-Jean-de-Dieu de Montr\u00e9al, 1873-1973\u00bb dans le cadre du <a href=\"https:\/\/histsciencesbas.sciencesconf.org\/\">colloque Histoire des sciences \u00abpar en bas\u00bb, \u00e0 L&rsquo;Universit\u00e9 du Maine, Le Mans (France)<\/a>.<\/span><\/p>\n<p class=\"p1\"><span class=\"s1\">Comme l&rsquo;expliquent les deux chercheures, cette communication questionnera les fa\u00e7ons de voir et de faire l&rsquo;histoire de la folie \u00e0 partir de la parole retrouv\u00e9e en archive. C&rsquo;est \u00e0 la lumi\u00e8re de sources rares, entre autres, les entrevues d&rsquo;admission des patients &#8211; tir\u00e9es du d\u00e9pouillement de pr\u00e8s de 15 000 dossiers m\u00e9dicaux de l&rsquo;institution psychiatrique Saint-Jean-de-Dieu -, entre 1873 et 1973, qu&rsquo;\u00e9merge notre r\u00e9flexion sur la pratique historienne en regard, plus sp\u00e9cifiquement, de la d\u00e9couverte de t\u00e9moignages laiss\u00e9s par des gens, pour la plupart, illettr\u00e9s. Nos recherches respectives nous ont amen\u00e9es \u00e0 lire, analyser et \u00e9crire sur des milliers de cas d&rsquo;internement de la fin du 19e si\u00e8cle \u00e0 la mi-temps du 20e si\u00e8cle. C&rsquo;est \u00e0 partir de cette exp\u00e9rience que nous entendons questionner les diverses approches m\u00e9thodologiques nous permettant d&rsquo;\u00e9valuer l&rsquo;\u00ab\u00e9largissement du filet\u00bb des comportements d\u00e9viants et marginaux qui deviennent des manifestations de folie au fur et \u00e0 mesure que se confirme le 20e si\u00e8cle.<\/span><\/p>\n<p class=\"p1\"><span class=\"s1\">Par ailleurs, cette communication, pr\u00e9sent\u00e9e \u00e0 11:45, fera partie d&rsquo;un panel qui commencera d\u00e8s 10:45 \u00e0 la salle E 18.<\/span><\/p>\n<p class=\"p1\"><span class=\"s1\">Pour la description compl\u00e8te de la communication, <a href=\"http:\/\/histsciencesbas.sciencesconf.org\/20974\"><span class=\"s2\">cliquez ici<\/span><\/a>.<\/span><\/p>\n<p class=\"p1\"><span class=\"s1\">Pour l&rsquo;horaire complet du colloque (5 au 7 juin), <a href=\"http:\/\/histsciencesbas.sciencesconf.org\/program\"><span class=\"s2\">cliquez ici<\/span><\/a>.<\/span><\/p>\n","protected":false},"excerpt":{"rendered":"<p>Le 6 juin prochain, Isabelle Perreault et Marie-Claude Thifault, chercheures au CHRS, pr\u00e9senteront une communication intitul\u00e9e \u00ab \u00ab\u00a0-\u00c0 certains moments, il semblait se rendre compte de son \u00e9tat, il disait&#8230;<\/p>\n","protected":false},"author":3,"featured_media":1829,"comment_status":"open","ping_status":"open","sticky":false,"template":"","format":"standard","meta":{"_monsterinsights_skip_tracking":false,"_monsterinsights_sitenote_active":false,"_monsterinsights_sitenote_note":"","_monsterinsights_sitenote_category":0,"footnotes":""},"categories":[5],"tags":[17,14],"class_list":["post-877","post","type-post","status-publish","format-standard","has-post-thumbnail","hentry","category-colloques-et-conferences","tag-isabelle-perreault","tag-marie-claude-thifault"],"_links":{"self":[{"href":"https:\/\/chrs.uqam.ca\/index.php\/wp-json\/wp\/v2\/posts\/877","targetHints":{"allow":["GET"]}}],"collection":[{"href":"https:\/\/chrs.uqam.ca\/index.php\/wp-json\/wp\/v2\/posts"}],"about":[{"href":"https:\/\/chrs.uqam.ca\/index.php\/wp-json\/wp\/v2\/types\/post"}],"author":[{"embeddable":true,"href":"https:\/\/chrs.uqam.ca\/index.php\/wp-json\/wp\/v2\/users\/3"}],"replies":[{"embeddable":true,"href":"https:\/\/chrs.uqam.ca\/index.php\/wp-json\/wp\/v2\/comments?post=877"}],"version-history":[{"count":0,"href":"https:\/\/chrs.uqam.ca\/index.php\/wp-json\/wp\/v2\/posts\/877\/revisions"}],"wp:featuredmedia":[{"embeddable":true,"href":"https:\/\/chrs.uqam.ca\/index.php\/wp-json\/wp\/v2\/media\/1829"}],"wp:attachment":[{"href":"https:\/\/chrs.uqam.ca\/index.php\/wp-json\/wp\/v2\/media?parent=877"}],"wp:term":[{"taxonomy":"category","embeddable":true,"href":"https:\/\/chrs.uqam.ca\/index.php\/wp-json\/wp\/v2\/categories?post=877"},{"taxonomy":"post_tag","embeddable":true,"href":"https:\/\/chrs.uqam.ca\/index.php\/wp-json\/wp\/v2\/tags?post=877"}],"curies":[{"name":"wp","href":"https:\/\/api.w.org\/{rel}","templated":true}]}}