{"id":8752,"date":"2021-02-22T13:33:19","date_gmt":"2021-02-22T17:33:19","guid":{"rendered":"https:\/\/chrs.dev.uqam.ca\/?p=8752"},"modified":"2021-02-22T13:36:33","modified_gmt":"2021-02-22T17:36:33","slug":"participation-de-nos-membres-au-colloque-des-etudiants-du-departement-des-sciences-historiques-a-lulaval","status":"publish","type":"post","link":"https:\/\/chrs.uqam.ca\/index.php\/2021\/02\/22\/participation-de-nos-membres-au-colloque-des-etudiants-du-departement-des-sciences-historiques-a-lulaval\/","title":{"rendered":"Participation de nos membres au colloque \u00e9tudiant du D\u00e9partement des sciences historiques \u00e0 l&rsquo;ULaval"},"content":{"rendered":"\n<p>L\u2019association \u00e9tudiante du D\u00e9partement de science historique de l&rsquo;Universit\u00e9 Laval lance la programmation de son colloque, qui se tiendra en ligne du 3 au 5 mars. Cette \u00e9dition 2021 invite le public \u00e0 r\u00e9fl\u00e9chir sur la question de l\u2019inclusion des groupes minoris\u00e9s dans les sciences historiques. <\/p>\n\n\n\n<p>Une vingtaine d\u2019\u00e9tudiantes et d\u2019\u00e9tudiants pr\u00e9senteront les r\u00e9sultats de leurs recherches au cours de s\u00e9ances gratuites et ouvertes \u00e0 tous, dont notre membre \u00e9tudiante Sandrine Labelle. La candidate \u00e0 la ma\u00eetrise \u00e0 l&rsquo;UQAM, pr\u00e9sentera la communication \u00ab La \u00ab\u00a0voix des femmes\u00a0\u00bb du Canada et la d\u00e9colonisation: Pacifisme, anti-imp\u00e9rialisme et r\u00e9surgence f\u00e9ministe \u00e0 la Deuxi\u00e8me conf\u00e9rence internationale des femmes pour la paix (Montr\u00e9al, 1967) \u00bb, le mercredi 3 mars \u00e0 15h. La professeure Aline Charles, membre de notre \u00e9quipe, pr\u00e9sidera ce panel <em>Les mouvements socio-politiques de femmes<\/em>.<\/p>\n\n\n\n<p>Martin Petitclerc, directeur du CHRS, animera la s\u00e9ance <em>Actions et implications f\u00e9minines dans les univers typiquement masculins<\/em> le jeudi 4 mars \u00e0 11h. <\/p>\n\n\n\n<p>Le colloque propose \u00e9galement deux tables rondes: l\u2019une portant sur la pr\u00e9sence des femmes racis\u00e9es dans les r\u00e9cits historiques et l\u2019autre sur la pr\u00e9sence des communaut\u00e9s queer dans l\u2019histoire.<\/p>\n\n\n\n<p>Consulter ici l\u2019<a rel=\"noreferrer noopener\" href=\"https:\/\/www.facebook.com\/Colloqueartefact\/photos\/a.108038227279488\/444546970295277\/\" target=\"_blank\">horaire complet<\/a>&nbsp;et suivre la&nbsp;<a rel=\"noreferrer noopener\" href=\"https:\/\/www.facebook.com\/Colloqueartefact\" target=\"_blank\">page Facebook du colloque<\/a>.<\/p>\n","protected":false},"excerpt":{"rendered":"<p>L\u2019association \u00e9tudiante du D\u00e9partement de science historique de l&rsquo;Universit\u00e9 Laval lance la programmation de son colloque, qui se tiendra en ligne du 3 au 5 mars. Cette \u00e9dition 2021 invite&#8230;<\/p>\n","protected":false},"author":2,"featured_media":8754,"comment_status":"closed","ping_status":"closed","sticky":false,"template":"","format":"standard","meta":{"_monsterinsights_skip_tracking":false,"_monsterinsights_sitenote_active":false,"_monsterinsights_sitenote_note":"","_monsterinsights_sitenote_category":0,"footnotes":""},"categories":[3],"tags":[62,13,576],"class_list":["post-8752","post","type-post","status-publish","format-standard","has-post-thumbnail","hentry","category-actualites","tag-aline-charles","tag-martin-petitclerc","tag-sandrine-labelle"],"_links":{"self":[{"href":"https:\/\/chrs.uqam.ca\/index.php\/wp-json\/wp\/v2\/posts\/8752","targetHints":{"allow":["GET"]}}],"collection":[{"href":"https:\/\/chrs.uqam.ca\/index.php\/wp-json\/wp\/v2\/posts"}],"about":[{"href":"https:\/\/chrs.uqam.ca\/index.php\/wp-json\/wp\/v2\/types\/post"}],"author":[{"embeddable":true,"href":"https:\/\/chrs.uqam.ca\/index.php\/wp-json\/wp\/v2\/users\/2"}],"replies":[{"embeddable":true,"href":"https:\/\/chrs.uqam.ca\/index.php\/wp-json\/wp\/v2\/comments?post=8752"}],"version-history":[{"count":0,"href":"https:\/\/chrs.uqam.ca\/index.php\/wp-json\/wp\/v2\/posts\/8752\/revisions"}],"wp:featuredmedia":[{"embeddable":true,"href":"https:\/\/chrs.uqam.ca\/index.php\/wp-json\/wp\/v2\/media\/8754"}],"wp:attachment":[{"href":"https:\/\/chrs.uqam.ca\/index.php\/wp-json\/wp\/v2\/media?parent=8752"}],"wp:term":[{"taxonomy":"category","embeddable":true,"href":"https:\/\/chrs.uqam.ca\/index.php\/wp-json\/wp\/v2\/categories?post=8752"},{"taxonomy":"post_tag","embeddable":true,"href":"https:\/\/chrs.uqam.ca\/index.php\/wp-json\/wp\/v2\/tags?post=8752"}],"curies":[{"name":"wp","href":"https:\/\/api.w.org\/{rel}","templated":true}]}}