{"id":8726,"date":"2021-02-18T10:54:10","date_gmt":"2021-02-18T14:54:10","guid":{"rendered":"https:\/\/chrs.dev.uqam.ca\/?p=8726"},"modified":"2021-02-18T11:00:41","modified_gmt":"2021-02-18T15:00:41","slug":"lancement-de-louvrage-derive-une-histoire-sensible-des-parcours-psychiatriques-en-ontario-francais","status":"publish","type":"post","link":"https:\/\/chrs.uqam.ca\/index.php\/2021\/02\/18\/lancement-de-louvrage-derive-une-histoire-sensible-des-parcours-psychiatriques-en-ontario-francais\/","title":{"rendered":"Lancement de l&rsquo;ouvrage <em> D\u00e9rive Une histoire sensible des parcours psychiatriques en Ontario fran\u00e7ais <\/em>"},"content":{"rendered":"\n<p>Le 25 f\u00e9vrier prochain \u00e0 17h, dans le cadre du Salon du livre de l&rsquo;Outaouais, se tiendra le lancement de l&rsquo;ouvrage <em>Derives, Une histoire sensible des parcours psychiatriques en Ontario fran\u00e7ais.&nbsp;<\/em>L&rsquo;\u00e9v\u00e9nement aura lieu en ligne via la Plateforme Zoom, l&rsquo;inscription est requise en suivant ce lien : <\/p>\n\n\n\n<p>Les autrices Marie-Claude Thifault, &nbsp;membre r\u00e9guli\u00e8re du CHRS et directrice de l&rsquo;Unit\u00e9 de recherche&nbsp;sur l&rsquo;histoire&nbsp;du nursing \u00e0 l&rsquo;Universit\u00e9 d&rsquo;Ottawa, et Marie LeBel, professeure au programme interdisciplinaire en \u00e9tude des enjeux humains et sociaux&nbsp;de l&rsquo;Universit\u00e9 de Hearst en Ontario, cosignent cette \u00e9tude nouvellement parue aux Presses de l&rsquo;Universit\u00e9 d&rsquo;Ottawa. <\/p>\n\n\n\n<div class=\"wp-block-image\"><figure class=\"alignleft is-resized\"><img loading=\"lazy\" decoding=\"async\" src=\"https:\/\/chrs.uqam.ca\/wp-content\/uploads\/2021\/02\/mct_lancement.jpeg\" alt=\"\" class=\"wp-image-8728\" width=\"173\" height=\"259\" srcset=\"https:\/\/chrs.uqam.ca\/wp-content\/uploads\/2021\/02\/mct_lancement.jpeg 268w, https:\/\/chrs.uqam.ca\/wp-content\/uploads\/2021\/02\/mct_lancement-200x300.jpeg 200w\" sizes=\"auto, (max-width: 173px) 100vw, 173px\" \/><\/figure><\/div>\n\n\n\n<p><em>D\u00e9rives<\/em>&nbsp;propose de plonger dans l\u2019individuel, le personnel, l\u2019intime et de suivre, presque au jour le jour, la vie d\u2019\u00eatres \u00e0 la fois fragiles et r\u00e9sistants vivant sur la corde raide et pour qui, \u00e0 tout instant, l\u2019univers peut basculer. Des \u00e9pisodes de chutes et de rel\u00e8vement ont \u00e9t\u00e9 minutieusement document\u00e9s pour reconstituer les parcours psychiatriques de six personnes, quatre femmes et deux hommes, originaires de l\u2019Ontario fran\u00e7ais.&nbsp;Les r\u00e9cits d\u2019enqu\u00eates que nous proposons, sous le th\u00e8me des d\u00e9rives, sont bas\u00e9s sur des faits v\u00e9ridiques et notre d\u00e9marche s\u2019appuie sur la m\u00e9thode historienne : la fouille, les rencontres, l\u2019exp\u00e9rience, l\u2019examen minutieux de donn\u00e9es. &nbsp;Ce livre int\u00e9ressera les chercheurs et les \u00e9tudiants en sociologie, en anthropologie sociale et culturelle, en psychologie, en sciences infirmi\u00e8res, en travail social et en histoire, mais aussi un public curieux.<\/p>\n\n\n\n<p><a rel=\"noreferrer noopener\" aria-label=\"Consulter la table des mati\u00e8res (s\u2019ouvre dans un nouvel onglet)\" href=\"https:\/\/press.uottawa.ca\/d%C3%A9rives.html\" target=\"_blank\">Consulter la table des mati\u00e8res<\/a>  <\/p>\n","protected":false},"excerpt":{"rendered":"<p>Le 25 f\u00e9vrier prochain \u00e0 17h, dans le cadre du Salon du livre de l&rsquo;Outaouais, se tiendra le lancement de l&rsquo;ouvrage Derives, Une histoire sensible des parcours psychiatriques en Ontario&#8230;<\/p>\n","protected":false},"author":2,"featured_media":8728,"comment_status":"closed","ping_status":"closed","sticky":false,"template":"","format":"standard","meta":{"_monsterinsights_skip_tracking":false,"_monsterinsights_sitenote_active":false,"_monsterinsights_sitenote_note":"","_monsterinsights_sitenote_category":0,"footnotes":""},"categories":[3,11],"tags":[14],"class_list":["post-8726","post","type-post","status-publish","format-standard","has-post-thumbnail","hentry","category-actualites","category-publications","tag-marie-claude-thifault"],"_links":{"self":[{"href":"https:\/\/chrs.uqam.ca\/index.php\/wp-json\/wp\/v2\/posts\/8726","targetHints":{"allow":["GET"]}}],"collection":[{"href":"https:\/\/chrs.uqam.ca\/index.php\/wp-json\/wp\/v2\/posts"}],"about":[{"href":"https:\/\/chrs.uqam.ca\/index.php\/wp-json\/wp\/v2\/types\/post"}],"author":[{"embeddable":true,"href":"https:\/\/chrs.uqam.ca\/index.php\/wp-json\/wp\/v2\/users\/2"}],"replies":[{"embeddable":true,"href":"https:\/\/chrs.uqam.ca\/index.php\/wp-json\/wp\/v2\/comments?post=8726"}],"version-history":[{"count":0,"href":"https:\/\/chrs.uqam.ca\/index.php\/wp-json\/wp\/v2\/posts\/8726\/revisions"}],"wp:featuredmedia":[{"embeddable":true,"href":"https:\/\/chrs.uqam.ca\/index.php\/wp-json\/wp\/v2\/media\/8728"}],"wp:attachment":[{"href":"https:\/\/chrs.uqam.ca\/index.php\/wp-json\/wp\/v2\/media?parent=8726"}],"wp:term":[{"taxonomy":"category","embeddable":true,"href":"https:\/\/chrs.uqam.ca\/index.php\/wp-json\/wp\/v2\/categories?post=8726"},{"taxonomy":"post_tag","embeddable":true,"href":"https:\/\/chrs.uqam.ca\/index.php\/wp-json\/wp\/v2\/tags?post=8726"}],"curies":[{"name":"wp","href":"https:\/\/api.w.org\/{rel}","templated":true}]}}