{"id":8628,"date":"2020-12-16T16:52:43","date_gmt":"2020-12-16T20:52:43","guid":{"rendered":"https:\/\/chrs.dev.uqam.ca\/?p=8628"},"modified":"2020-12-16T16:58:11","modified_gmt":"2020-12-16T20:58:11","slug":"une-extension-des-principes-de-la-loi-canadienne-sur-la-sante-un-texte-co-signe-cory-verbauwhede","status":"publish","type":"post","link":"https:\/\/chrs.uqam.ca\/index.php\/2020\/12\/16\/une-extension-des-principes-de-la-loi-canadienne-sur-la-sante-un-texte-co-signe-cory-verbauwhede\/","title":{"rendered":"\u00abUne extension des principes de la Loi canadienne sur la sant\u00e9\u00bb un texte co-sign\u00e9 Cory Verbauwhede"},"content":{"rendered":"\n<p>Cory Verbauwhede, membre \u00e9tudiant au CHRS, avocat et doctorant en histoire, est co-auteur de la lettre d&rsquo;opinion sur la Loi canadienne sur la sant\u00e9 et la protection des comp\u00e9tences \u00ab\u00a0exclusives\u00a0\u00bb des provinces <a rel=\"noreferrer noopener\" href=\"https:\/\/www.ledevoir.com\/opinion\/idees\/591338\/une-extension-des-principes-de-la-loi-canadienne-sur-la-sante?fbclid=IwAR1y4UWRGCpSchKlQwvAV_dkC17rMxQoSmqqs3ITywOpyGHtqG2Cvd52m4c\" target=\"_blank\">\u00ab Une extension des principes de la Loi canadienne sur la sant\u00e9 \u00bb<\/a>. Ce texte, \u00e9galement sign\u00e9 par Karyne Pelletier et Isabelle Leblanc*, est paru dans la section <em>Id\u00e9es <\/em>du journal Le Devoir, le 10 d\u00e9cembre dernier.<\/p>\n\n\n\n<p>\u00ab Quelques pr\u00e9cisions sont de mise \u00e0 la suite de l\u2019adoption unanime d\u2019une motion \u00e0 l\u2019Assembl\u00e9e nationale la semaine derni\u00e8re concernant la comp\u00e9tence \u00ab exclusive \u00bb des provinces en mati\u00e8re de sant\u00e9 et en vue de la rencontre f\u00e9d\u00e9rale-provinciale qui se tient cette semaine sur les transferts f\u00e9d\u00e9raux. Cette motion a \u00e9t\u00e9 adopt\u00e9e dans la lign\u00e9e des d\u00e9nonciations de plusieurs provinces concernant l\u2019empi\u00e9tement du f\u00e9d\u00e9ral sur les comp\u00e9tences provinciales. \u00bb<\/p>\n\n\n\n<p><a rel=\"noreferrer noopener\" aria-label=\" (s\u2019ouvre dans un nouvel onglet)\" href=\"https:\/\/www.ledevoir.com\/opinion\/idees\/591338\/une-extension-des-principes-de-la-loi-canadienne-sur-la-sante?fbclid=IwAR1y4UWRGCpSchKlQwvAV_dkC17rMxQoSmqqs3ITywOpyGHtqG2Cvd52m4c\" target=\"_blank\">Lire la suite de l&rsquo;article<\/a><\/p>\n\n\n\n<p>*<em>&nbsp;Karyne Pelletier est vice-pr\u00e9sidente de M\u00e9decins qu\u00e9b\u00e9cois pour le r\u00e9gime public, n\u00e9phrologue \u00e0 l\u2019H\u00f4pital Sacr\u00e9-C\u0153ur de Montr\u00e9al et charg\u00e9e d\u2019enseignement \u00e0 la Facult\u00e9 de m\u00e9decine de l\u2019Universit\u00e9 de Montr\u00e9al&nbsp;; Isabelle Leblanc est pr\u00e9sidente de M\u00e9decins qu\u00e9b\u00e9cois pour le r\u00e9gime public, m\u00e9decin de famille au GMF-U St-Mary\u2019s et professeure adjointe au d\u00e9partement de m\u00e9decine familiale de l\u2019Universit\u00e9 McGill.<\/em><\/p>\n","protected":false},"excerpt":{"rendered":"<p>Cory Verbauwhede, membre \u00e9tudiant au CHRS, avocat et doctorant en histoire, est co-auteur de la lettre d&rsquo;opinion sur la Loi canadienne sur la sant\u00e9 et la protection des comp\u00e9tences \u00ab\u00a0exclusives\u00a0\u00bb&#8230;<\/p>\n","protected":false},"author":2,"featured_media":2746,"comment_status":"closed","ping_status":"closed","sticky":false,"template":"","format":"standard","meta":{"_monsterinsights_skip_tracking":false,"_monsterinsights_sitenote_active":false,"_monsterinsights_sitenote_note":"","_monsterinsights_sitenote_category":0,"footnotes":""},"categories":[3],"tags":[30],"class_list":["post-8628","post","type-post","status-publish","format-standard","has-post-thumbnail","hentry","category-actualites","tag-cory-verbauwhede"],"_links":{"self":[{"href":"https:\/\/chrs.uqam.ca\/index.php\/wp-json\/wp\/v2\/posts\/8628","targetHints":{"allow":["GET"]}}],"collection":[{"href":"https:\/\/chrs.uqam.ca\/index.php\/wp-json\/wp\/v2\/posts"}],"about":[{"href":"https:\/\/chrs.uqam.ca\/index.php\/wp-json\/wp\/v2\/types\/post"}],"author":[{"embeddable":true,"href":"https:\/\/chrs.uqam.ca\/index.php\/wp-json\/wp\/v2\/users\/2"}],"replies":[{"embeddable":true,"href":"https:\/\/chrs.uqam.ca\/index.php\/wp-json\/wp\/v2\/comments?post=8628"}],"version-history":[{"count":0,"href":"https:\/\/chrs.uqam.ca\/index.php\/wp-json\/wp\/v2\/posts\/8628\/revisions"}],"wp:featuredmedia":[{"embeddable":true,"href":"https:\/\/chrs.uqam.ca\/index.php\/wp-json\/wp\/v2\/media\/2746"}],"wp:attachment":[{"href":"https:\/\/chrs.uqam.ca\/index.php\/wp-json\/wp\/v2\/media?parent=8628"}],"wp:term":[{"taxonomy":"category","embeddable":true,"href":"https:\/\/chrs.uqam.ca\/index.php\/wp-json\/wp\/v2\/categories?post=8628"},{"taxonomy":"post_tag","embeddable":true,"href":"https:\/\/chrs.uqam.ca\/index.php\/wp-json\/wp\/v2\/tags?post=8628"}],"curies":[{"name":"wp","href":"https:\/\/api.w.org\/{rel}","templated":true}]}}