{"id":8601,"date":"2020-11-26T17:11:09","date_gmt":"2020-11-26T21:11:09","guid":{"rendered":"https:\/\/chrs.dev.uqam.ca\/?p=8601"},"modified":"2020-11-26T17:12:23","modified_gmt":"2020-11-26T21:12:23","slug":"la-bd-vous-avez-detruit-la-beaute-du-monde-en-lice-pour-le-prix-des-libraires","status":"publish","type":"post","link":"https:\/\/chrs.uqam.ca\/index.php\/2020\/11\/26\/la-bd-vous-avez-detruit-la-beaute-du-monde-en-lice-pour-le-prix-des-libraires\/","title":{"rendered":"La BD <em>Vous avez d\u00e9truit la beaut\u00e9 du monde<\/em> en lice pour le Prix des libraires"},"content":{"rendered":"\n<p>Toutes nos f\u00e9licitations \u00e0 la professeure Isabelle Perreault, membre de notre \u00e9quipe, et \u00e0 ses coll\u00e8gues derri\u00e8re le projet <a href=\"https:\/\/prixdeslibraires.qc.ca\/zoom-demo\/?bigtitle=Pr%C3%A9liminaire%20adulte%202021%20Qu%C3%A9bec&amp;firstid=6885&amp;theme=bd&amp;book_id_list=a%3A6%3A%7Bi%3A0%3Bi%3A6868%3Bi%3A1%3Bi%3A6881%3Bi%3A2%3Bi%3A6882%3Bi%3A3%3Bi%3A6883%3Bi%3A4%3Bi%3A6884%3Bi%3A5%3Bi%3A6885%3B%7D&amp;fbclid=IwAR0wZTuDwOkvW6YTkSCl9wHRO3Nck4-RpVLDJag0TkjkSYBpemjFdVKeSRo\" target=\"_blank\" rel=\"noreferrer noopener\" aria-label=\"\u00ab Vous avez d\u00e9truit la beaut\u00e9 du monde \u00bb (s\u2019ouvre dans un nouvel onglet)\">\u00ab Vous avez d\u00e9truit la beaut\u00e9 du monde \u00bb<\/a>. La bande-dessin\u00e9e est en lice pour le prix des Libraires 2020 | cat\u00e9gorie BD jeunesse Qu\u00e9bec!<\/p>\n\n\n\n<p>C&rsquo;est l\u2019<a rel=\"noreferrer noopener\" href=\"https:\/\/www.alq.qc.ca\/\" target=\"_blank\">Association des libraires du Qu\u00e9bec <\/a>&nbsp;qui chapeaute ce Prix depuis plus de 25 ans. Elle pr\u00e9sente ces derniers jours les \u0153uvres qui, selon les libraires, se sont impos\u00e9es dans la derni\u00e8re ann\u00e9e. Les comit\u00e9s de s\u00e9lection sont form\u00e9s de libraires de partout au Qu\u00e9bec en provenance des librairies ind\u00e9pendantes, cha\u00eenes et coop\u00e9ratives en milieu scolaire<\/p>\n\n\n\n<p>Isabelle Perreault (Universit\u00e9 d\u2019Ottawa), lan\u00e7ait en septembre dernier la bande dessin\u00e9e, \u00ab\u00a0Vous avez d\u00e9truit la beaut\u00e9 du monde\u00a0\u00bb, \u00e9crite en collaboration avec Andr\u00e9 Cellard, Patrice Corriveau et illustr\u00e9 par le dessinateur Christian Quesnel.<\/p>\n\n\n\n<p>L\u2019ouvrage, publi\u00e9 chez l\u2019\u00e9diteur Moelle Graphik, tente de reconstituer les mises en sc\u00e8ne de suicide. Le contenu de la bande dessin\u00e9e est inspir\u00e9 par la base de donn\u00e9es de plus de 20 000 cas de suicide conserv\u00e9s dans les Archives du coroner depuis 1763. Certains dossiers contiennent des descriptions, des t\u00e9moignages \u00e0 partir du 20e si\u00e8cle, des photographies de sc\u00e8nes de suicide. Ces traces permettent, entre autres, de reconstituer la derni\u00e8re image, l\u2019ultime impression, parfois soigneusement \u00e9labor\u00e9e, que le suicid\u00e9 a cherch\u00e9 \u00e0 laisser au monde des vivants.&nbsp;<\/p>\n","protected":false},"excerpt":{"rendered":"<p>Toutes nos f\u00e9licitations \u00e0 la professeure Isabelle Perreault, membre de notre \u00e9quipe, et \u00e0 ses coll\u00e8gues derri\u00e8re le projet \u00ab Vous avez d\u00e9truit la beaut\u00e9 du monde \u00bb. La bande-dessin\u00e9e&#8230;<\/p>\n","protected":false},"author":2,"featured_media":7455,"comment_status":"closed","ping_status":"closed","sticky":false,"template":"","format":"standard","meta":{"_monsterinsights_skip_tracking":false,"_monsterinsights_sitenote_active":false,"_monsterinsights_sitenote_note":"","_monsterinsights_sitenote_category":0,"footnotes":""},"categories":[3],"tags":[17],"class_list":["post-8601","post","type-post","status-publish","format-standard","has-post-thumbnail","hentry","category-actualites","tag-isabelle-perreault"],"_links":{"self":[{"href":"https:\/\/chrs.uqam.ca\/index.php\/wp-json\/wp\/v2\/posts\/8601","targetHints":{"allow":["GET"]}}],"collection":[{"href":"https:\/\/chrs.uqam.ca\/index.php\/wp-json\/wp\/v2\/posts"}],"about":[{"href":"https:\/\/chrs.uqam.ca\/index.php\/wp-json\/wp\/v2\/types\/post"}],"author":[{"embeddable":true,"href":"https:\/\/chrs.uqam.ca\/index.php\/wp-json\/wp\/v2\/users\/2"}],"replies":[{"embeddable":true,"href":"https:\/\/chrs.uqam.ca\/index.php\/wp-json\/wp\/v2\/comments?post=8601"}],"version-history":[{"count":0,"href":"https:\/\/chrs.uqam.ca\/index.php\/wp-json\/wp\/v2\/posts\/8601\/revisions"}],"wp:featuredmedia":[{"embeddable":true,"href":"https:\/\/chrs.uqam.ca\/index.php\/wp-json\/wp\/v2\/media\/7455"}],"wp:attachment":[{"href":"https:\/\/chrs.uqam.ca\/index.php\/wp-json\/wp\/v2\/media?parent=8601"}],"wp:term":[{"taxonomy":"category","embeddable":true,"href":"https:\/\/chrs.uqam.ca\/index.php\/wp-json\/wp\/v2\/categories?post=8601"},{"taxonomy":"post_tag","embeddable":true,"href":"https:\/\/chrs.uqam.ca\/index.php\/wp-json\/wp\/v2\/tags?post=8601"}],"curies":[{"name":"wp","href":"https:\/\/api.w.org\/{rel}","templated":true}]}}