{"id":843,"date":"2016-03-29T17:50:55","date_gmt":"2016-03-29T16:50:55","guid":{"rendered":"http:\/\/chrs.cieq.ca\/?p=843"},"modified":"2017-05-03T13:52:47","modified_gmt":"2017-05-03T17:52:47","slug":"presentation-danne-frederique-morin-et-de-camille-robert-presentent-au-colloque-jean-marie-fecteau-des-cycles-superieurs-en-histoire-de-luqam","status":"publish","type":"post","link":"https:\/\/chrs.uqam.ca\/index.php\/2016\/03\/29\/presentation-danne-frederique-morin-et-de-camille-robert-presentent-au-colloque-jean-marie-fecteau-des-cycles-superieurs-en-histoire-de-luqam\/","title":{"rendered":"Pr\u00e9sentation d\u2019Anne-Fr\u00e9d\u00e9rique Morin et de Camille Robert pr\u00e9sentent au Colloque Jean-Marie Fecteau des cycles sup\u00e9rieurs en histoire de l\u2019UQAM"},"content":{"rendered":"<p class=\"p1\"><span class=\"s1\"><img loading=\"lazy\" decoding=\"async\" class=\"size-medium wp-image-2190 alignright\" src=\"http:\/\/chrs.cieq.ca\/wp-content\/uploads\/2016\/10\/nouveaulogochrsfonce-300x107.jpg\" alt=\"\" width=\"300\" height=\"107\" \/>Anne-Fr\u00e9d\u00e9rique Morin et de <a href=\"http:\/\/chrs.cieq.ca\/index.php\/a-propos\/equipe\/membres-etudiants\/camille-robert\/\">Camille Robert<\/a>, assistantes au CHRS, ont pr\u00e9sent\u00e9 les r\u00e9sultats de recherche de leur m\u00e9moire lors du <a href=\"https:\/\/www.facebook.com\/events\/1573826116271602\/\"><span class=\"s2\">Colloque Jean-Marie Fecteau des cycles sup\u00e9rieurs en histoire de l\u2019UQAM<\/span><\/a>. La conf\u00e9rence d\u2019Anne-Fr\u00e9d\u00e9rique s\u2019intitulait\u00a0Bannir les bordels ?\u00a0: G\u00e9ographie de la prostitution \u00e0 Qu\u00e9bec 1910-1919\u00a0et celle de Camille, \u00ab Toutes les femmes sont d\u2019abord m\u00e9nag\u00e8res \u00bb\u00a0: discours et mobilisations f\u00e9ministes autour du travail m\u00e9nager.\u00a0<\/span><\/p>\n","protected":false},"excerpt":{"rendered":"<p>Anne-Fr\u00e9d\u00e9rique Morin et de Camille Robert, assistantes au CHRS, ont pr\u00e9sent\u00e9 les r\u00e9sultats de recherche de leur m\u00e9moire lors du Colloque Jean-Marie Fecteau des cycles sup\u00e9rieurs en histoire de l\u2019UQAM&#8230;.<\/p>\n","protected":false},"author":3,"featured_media":2202,"comment_status":"closed","ping_status":"closed","sticky":false,"template":"","format":"standard","meta":{"_monsterinsights_skip_tracking":false,"_monsterinsights_sitenote_active":false,"_monsterinsights_sitenote_note":"","_monsterinsights_sitenote_category":0,"footnotes":""},"categories":[5],"tags":[45,28],"class_list":["post-843","post","type-post","status-publish","format-standard","has-post-thumbnail","hentry","category-colloques-et-conferences","tag-anne-frederique-morin","tag-camille-robert"],"_links":{"self":[{"href":"https:\/\/chrs.uqam.ca\/index.php\/wp-json\/wp\/v2\/posts\/843","targetHints":{"allow":["GET"]}}],"collection":[{"href":"https:\/\/chrs.uqam.ca\/index.php\/wp-json\/wp\/v2\/posts"}],"about":[{"href":"https:\/\/chrs.uqam.ca\/index.php\/wp-json\/wp\/v2\/types\/post"}],"author":[{"embeddable":true,"href":"https:\/\/chrs.uqam.ca\/index.php\/wp-json\/wp\/v2\/users\/3"}],"replies":[{"embeddable":true,"href":"https:\/\/chrs.uqam.ca\/index.php\/wp-json\/wp\/v2\/comments?post=843"}],"version-history":[{"count":0,"href":"https:\/\/chrs.uqam.ca\/index.php\/wp-json\/wp\/v2\/posts\/843\/revisions"}],"wp:featuredmedia":[{"embeddable":true,"href":"https:\/\/chrs.uqam.ca\/index.php\/wp-json\/wp\/v2\/media\/2202"}],"wp:attachment":[{"href":"https:\/\/chrs.uqam.ca\/index.php\/wp-json\/wp\/v2\/media?parent=843"}],"wp:term":[{"taxonomy":"category","embeddable":true,"href":"https:\/\/chrs.uqam.ca\/index.php\/wp-json\/wp\/v2\/categories?post=843"},{"taxonomy":"post_tag","embeddable":true,"href":"https:\/\/chrs.uqam.ca\/index.php\/wp-json\/wp\/v2\/tags?post=843"}],"curies":[{"name":"wp","href":"https:\/\/api.w.org\/{rel}","templated":true}]}}