{"id":810,"date":"2013-06-05T22:13:48","date_gmt":"2013-06-05T21:13:48","guid":{"rendered":"http:\/\/chrs.cieq.ca\/?p=810"},"modified":"2017-02-06T22:28:22","modified_gmt":"2017-02-06T21:28:22","slug":"conference-de-philippe-artieres-et-jean-francois-lae-le-13-juin-prochain","status":"publish","type":"post","link":"https:\/\/chrs.uqam.ca\/index.php\/2013\/06\/05\/conference-de-philippe-artieres-et-jean-francois-lae-le-13-juin-prochain\/","title":{"rendered":"Conf\u00e9rence de Philippe Arti\u00e8res et Jean-Fran\u00e7ois La\u00e9 le 13 juin prochain"},"content":{"rendered":"<p class=\"p1\"><span class=\"s1\">L&rsquo;\u00e9quipe du CHRS est heureuse de pr\u00e9senter une conf\u00e9rence des historiens <a href=\"http:\/\/www.iiac.cnrs.fr\/lahic\/article917.html\"><span class=\"s2\">Philippe Arti\u00e8res<\/span><\/a> et <a href=\"http:\/\/www2.univ-paris8.fr\/sociologie\/?page_id=14\"><span class=\"s2\">Jean-Fran\u00e7ois La\u00e9<\/span><\/a>, intitul\u00e9e Archives oubli\u00e9es?, le 13 juin prochain \u00e0 14h au local A-6290 du pavillon Hubert-Aquin de l&rsquo;UQAM. <a href=\"http:\/\/www.iiac.cnrs.fr\/lahic\/article917.html\"><span class=\"s2\">Philippe Arti\u00e8res<\/span><\/a> pr\u00e9sentera des documents oubli\u00e9s, fragments individuels de l&rsquo;histoire trouv\u00e9s dans les archives, traitant du crime, du militantisme politique et de l&rsquo;exp\u00e9rience du sida. <a href=\"http:\/\/www2.univ-paris8.fr\/sociologie\/?page_id=14\"><span class=\"s2\">Jean-Fran\u00e7ois La\u00e9<\/span><\/a> parlera pour sa part des petites \u00e9critures d\u00e9pos\u00e9es \u00e0 l&rsquo;\u00e9glise Saint-Antoine, qui \u00e9crivent l&rsquo;exp\u00e9rience du for int\u00e9rieur.<\/span><\/p>\n<p class=\"p1\"><img loading=\"lazy\" decoding=\"async\" class=\"alignnone size-medium wp-image-811\" src=\"http:\/\/chrs.cieq.ca\/wp-content\/uploads\/2017\/02\/Artieres_LAE-image_3-300x284.png\" alt=\"\" width=\"300\" height=\"284\" srcset=\"https:\/\/chrs.uqam.ca\/wp-content\/uploads\/2017\/02\/Artieres_LAE-image_3-300x284.png 300w, https:\/\/chrs.uqam.ca\/wp-content\/uploads\/2017\/02\/Artieres_LAE-image_3.png 335w\" sizes=\"auto, (max-width: 300px) 100vw, 300px\" \/><\/p>\n<p class=\"p2\" style=\"text-align: left\"><span class=\"s2\"><a href=\"http:\/\/www.iiac.cnrs.fr\/lahic\/article917.html\">Philippe Arti\u00e8res<\/a><\/span><span class=\"s1\"> est charg\u00e9 de recherche au CNRS et directeur du Centre Michel Foucault. Depuis sa th\u00e8se sur la m\u00e9dicalisation des \u00e9critures ordinaires au XIXe si\u00e8cle, consacr\u00e9e principalement aux \u00e9crits de criminels, il d\u00e9veloppe une histoire des \u00e9critures ordinaires aux dix-neuvi\u00e8me et vingti\u00e8me si\u00e8cles. Prenant \u00e0 rebours les th\u00e8ses de l&rsquo;\u00e9criture comme pratique de lib\u00e9ration, il a montr\u00e9 combien cette pratique participait d&rsquo;un savoir-pouvoir, qui, loin d&rsquo;interdire, suscitait des \u00e9crits. Il travaille actuellement sur les r\u00e9cits du sida et sur divers modes d&rsquo;expression de la contestation et de la &lsquo;police de l&rsquo;\u00e9criture&rsquo; depuis la Commune de Paris.<\/span><\/p>\n<p class=\"p2\" style=\"text-align: left\"><img loading=\"lazy\" decoding=\"async\" class=\"alignnone size-full wp-image-812\" src=\"http:\/\/chrs.cieq.ca\/wp-content\/uploads\/2017\/02\/lae_0.gif\" alt=\"\" width=\"169\" height=\"200\" \/><\/p>\n<p class=\"p2\"><span class=\"s2\"><a href=\"http:\/\/www2.univ-paris8.fr\/sociologie\/?page_id=14\">Jean-Fran\u00e7ois La\u00e9<\/a><\/span><span class=\"s1\"> est professeur au d\u00e9partement de sociologie de l&rsquo;Universit\u00e9 Paris 8 (Vincennes-Saint-Denis). Il \u00e9tudie les situations limites : tribunaux, aide sociale, enfermement ordinaire, itin\u00e9rance, pr\u00e9carit\u00e9 extr\u00eame. Par une sociologie narrative, il ordonne les r\u00e9cits qu&rsquo;on lui a confi\u00e9s, des sc\u00e8nes vues, entendues puis mont\u00e9es. Par ce parti pris, appara\u00eet un ordre de marche des individus, des familles, guett\u00e9s par la pauvret\u00e9, la folie, la maladie, la mort, la destruction.<\/span><\/p>\n<p class=\"p3\"><span class=\"s1\">L&rsquo;affiche de l&rsquo;\u00e9v\u00e9nement<\/span><\/p>\n<p class=\"p3\"><a href=\"http:\/\/chrs.cieq.ca\/wp-content\/uploads\/2013\/06\/AFFICHE_LAE_LARTIERES_V3.pdf\">AFFICHE_LAE_LARTIERES_V3<\/a><\/p>\n","protected":false},"excerpt":{"rendered":"<p>L&rsquo;\u00e9quipe du CHRS est heureuse de pr\u00e9senter une conf\u00e9rence des historiens Philippe Arti\u00e8res et Jean-Fran\u00e7ois La\u00e9, intitul\u00e9e Archives oubli\u00e9es?, le 13 juin prochain \u00e0 14h au local A-6290 du pavillon&#8230;<\/p>\n","protected":false},"author":3,"featured_media":813,"comment_status":"open","ping_status":"open","sticky":false,"template":"","format":"standard","meta":{"_monsterinsights_skip_tracking":false,"_monsterinsights_sitenote_active":false,"_monsterinsights_sitenote_note":"","_monsterinsights_sitenote_category":0,"footnotes":""},"categories":[5],"tags":[],"class_list":["post-810","post","type-post","status-publish","format-standard","has-post-thumbnail","hentry","category-colloques-et-conferences"],"_links":{"self":[{"href":"https:\/\/chrs.uqam.ca\/index.php\/wp-json\/wp\/v2\/posts\/810","targetHints":{"allow":["GET"]}}],"collection":[{"href":"https:\/\/chrs.uqam.ca\/index.php\/wp-json\/wp\/v2\/posts"}],"about":[{"href":"https:\/\/chrs.uqam.ca\/index.php\/wp-json\/wp\/v2\/types\/post"}],"author":[{"embeddable":true,"href":"https:\/\/chrs.uqam.ca\/index.php\/wp-json\/wp\/v2\/users\/3"}],"replies":[{"embeddable":true,"href":"https:\/\/chrs.uqam.ca\/index.php\/wp-json\/wp\/v2\/comments?post=810"}],"version-history":[{"count":0,"href":"https:\/\/chrs.uqam.ca\/index.php\/wp-json\/wp\/v2\/posts\/810\/revisions"}],"wp:featuredmedia":[{"embeddable":true,"href":"https:\/\/chrs.uqam.ca\/index.php\/wp-json\/wp\/v2\/media\/813"}],"wp:attachment":[{"href":"https:\/\/chrs.uqam.ca\/index.php\/wp-json\/wp\/v2\/media?parent=810"}],"wp:term":[{"taxonomy":"category","embeddable":true,"href":"https:\/\/chrs.uqam.ca\/index.php\/wp-json\/wp\/v2\/categories?post=810"},{"taxonomy":"post_tag","embeddable":true,"href":"https:\/\/chrs.uqam.ca\/index.php\/wp-json\/wp\/v2\/tags?post=810"}],"curies":[{"name":"wp","href":"https:\/\/api.w.org\/{rel}","templated":true}]}}