{"id":805,"date":"2013-07-04T21:50:07","date_gmt":"2013-07-04T20:50:07","guid":{"rendered":"http:\/\/chrs.cieq.ca\/?p=805"},"modified":"2017-02-06T22:10:47","modified_gmt":"2017-02-06T21:10:47","slug":"yvan-rousseau-et-deux-collegues-publient-la-premiere-synthese-historique-sur-la-region-du-centre-du-quebec","status":"publish","type":"post","link":"https:\/\/chrs.uqam.ca\/index.php\/2013\/07\/04\/yvan-rousseau-et-deux-collegues-publient-la-premiere-synthese-historique-sur-la-region-du-centre-du-quebec\/","title":{"rendered":"Yvan Rousseau et deux coll\u00e8gues publient la premi\u00e8re synth\u00e8se historique sur la r\u00e9gion du Centre-du-Qu\u00e9bec"},"content":{"rendered":"<p class=\"p1\"><img loading=\"lazy\" decoding=\"async\" class=\"alignnone size-medium wp-image-806\" src=\"http:\/\/chrs.cieq.ca\/wp-content\/uploads\/2017\/02\/IMAGE_Centre-du-Quebec-241x300.png\" alt=\"\" width=\"241\" height=\"300\" srcset=\"https:\/\/chrs.uqam.ca\/wp-content\/uploads\/2017\/02\/IMAGE_Centre-du-Quebec-241x300.png 241w, https:\/\/chrs.uqam.ca\/wp-content\/uploads\/2017\/02\/IMAGE_Centre-du-Quebec.png 485w\" sizes=\"auto, (max-width: 241px) 100vw, 241px\" \/><\/p>\n<p class=\"p1\"><span class=\"s1\">Histoire du Centre-du-Qu\u00e9bec, premi\u00e8re synth\u00e8se historique sur cette r\u00e9gion, vient de para\u00eetre aux Presses de l&rsquo;Universit\u00e9 Laval, sous la direction de Claude Bellavance, <a href=\"http:\/\/chrs.cieq.ca\/index.php\/a-propos\/equipe\/membres-reguliers\/yvan-rousseau\/\"><span class=\"s2\">Yvan Rousseau<\/span> <\/a>et Jean Roy.<\/span><\/p>\n<p class=\"p1\">\n<p class=\"p1\"><span class=\"s1\">Comme c&rsquo;est la premi\u00e8re fois que cette r\u00e9gion est abord\u00e9e comme objet historique, cette synth\u00e8se puise non seulement dans des monographies existantes, mais \u00e9galement dans des mat\u00e9riaux in\u00e9dits et de nouvelles recherches r\u00e9alis\u00e9es par les chercheurs. En effet, il leur a fallu notamment retracer l&rsquo;\u00e9volution du peuplement et de l&rsquo;organisation des familles, la naissance et l&rsquo;\u00e9volution des institutions, puis inventorier les documents relatifs au monde agricole, industriel et commercial afin de combler les lacunes historiographiques.<\/span><\/p>\n","protected":false},"excerpt":{"rendered":"<p>Histoire du Centre-du-Qu\u00e9bec, premi\u00e8re synth\u00e8se historique sur cette r\u00e9gion, vient de para\u00eetre aux Presses de l&rsquo;Universit\u00e9 Laval, sous la direction de Claude Bellavance, Yvan Rousseau et Jean Roy. Comme c&rsquo;est&#8230;<\/p>\n","protected":false},"author":3,"featured_media":806,"comment_status":"open","ping_status":"open","sticky":false,"template":"","format":"standard","meta":{"_monsterinsights_skip_tracking":false,"_monsterinsights_sitenote_active":false,"_monsterinsights_sitenote_note":"","_monsterinsights_sitenote_category":0,"footnotes":""},"categories":[11],"tags":[],"class_list":["post-805","post","type-post","status-publish","format-standard","has-post-thumbnail","hentry","category-publications"],"_links":{"self":[{"href":"https:\/\/chrs.uqam.ca\/index.php\/wp-json\/wp\/v2\/posts\/805","targetHints":{"allow":["GET"]}}],"collection":[{"href":"https:\/\/chrs.uqam.ca\/index.php\/wp-json\/wp\/v2\/posts"}],"about":[{"href":"https:\/\/chrs.uqam.ca\/index.php\/wp-json\/wp\/v2\/types\/post"}],"author":[{"embeddable":true,"href":"https:\/\/chrs.uqam.ca\/index.php\/wp-json\/wp\/v2\/users\/3"}],"replies":[{"embeddable":true,"href":"https:\/\/chrs.uqam.ca\/index.php\/wp-json\/wp\/v2\/comments?post=805"}],"version-history":[{"count":0,"href":"https:\/\/chrs.uqam.ca\/index.php\/wp-json\/wp\/v2\/posts\/805\/revisions"}],"wp:featuredmedia":[{"embeddable":true,"href":"https:\/\/chrs.uqam.ca\/index.php\/wp-json\/wp\/v2\/media\/806"}],"wp:attachment":[{"href":"https:\/\/chrs.uqam.ca\/index.php\/wp-json\/wp\/v2\/media?parent=805"}],"wp:term":[{"taxonomy":"category","embeddable":true,"href":"https:\/\/chrs.uqam.ca\/index.php\/wp-json\/wp\/v2\/categories?post=805"},{"taxonomy":"post_tag","embeddable":true,"href":"https:\/\/chrs.uqam.ca\/index.php\/wp-json\/wp\/v2\/tags?post=805"}],"curies":[{"name":"wp","href":"https:\/\/api.w.org\/{rel}","templated":true}]}}