{"id":788,"date":"2013-10-02T21:22:04","date_gmt":"2013-10-02T20:22:04","guid":{"rendered":"http:\/\/chrs.cieq.ca\/?p=788"},"modified":"2017-05-03T14:07:22","modified_gmt":"2017-05-03T18:07:22","slug":"martin-petitclerc-et-jaouad-laaroussi-participent-au-colloque-avec-ou-sans-parti-pris","status":"publish","type":"post","link":"https:\/\/chrs.uqam.ca\/index.php\/2013\/10\/02\/martin-petitclerc-et-jaouad-laaroussi-participent-au-colloque-avec-ou-sans-parti-pris\/","title":{"rendered":"Martin Petitclerc et Jaouad Laaroussi participent au colloque \u00abAvec ou sans Parti pris\u00bb"},"content":{"rendered":"<p class=\"p1\"><span class=\"s1\"><img loading=\"lazy\" decoding=\"async\" class=\"size-medium wp-image-1808 alignleft\" src=\"http:\/\/chrs.cieq.ca\/wp-content\/uploads\/2013\/10\/Avec_ou_sans_Parti_pris_Page_1-231x300.jpg\" alt=\"\" width=\"231\" height=\"300\" \/>Vendredi le 4 octobre, \u00e0 compter de 14h00, au centre d&rsquo;archives de la BAnQ \u00e0 Montr\u00e9al (535, av. Viger E.), <a href=\"http:\/\/chrs.cieq.ca\/index.php\/a-propos\/equipe\/membres-reguliers\/martin-petitclerc\/\"><span class=\"s2\">Martin Petitclerc<\/span><\/a> et <span class=\"s2\">Jaouad Laaroussi<\/span> (assistant de recherche au CHRS et \u00e9tudiant \u00e0 la ma\u00eetrise co-dirig\u00e9 par Martin Petitclerc et <a href=\"http:\/\/chrs.cieq.ca\/index.php\/a-propos\/equipe\/membres-reguliers\/louise-bienvenue\/\"><span class=\"s2\">Louise Bienvenue<\/span><\/a>) co-pr\u00e9senteront une communication intitul\u00e9e \u00ab\u00a0\u00bbLa plus brutale franchise envers nous-m\u00eames\u00a0\u00bb : le projet d\u00e9mystificateur de Parti pris et l&rsquo;histoire sociale critique\u00bb dans le cadre de la s\u00e9ance \u00abParti pris dans l&rsquo;histoire des id\u00e9es\u00bb.<\/span><\/p>\n<p class=\"p1\"><span class=\"s1\">Pour consulter le programme du colloque, <a href=\"http:\/\/www.banq.qc.ca\/activites\/colloque\/2013\/parti-pris.html\"><span class=\"s2\">cliquez ici<\/span><\/a>.<\/span><\/p>\n","protected":false},"excerpt":{"rendered":"<p>Vendredi le 4 octobre, \u00e0 compter de 14h00, au centre d&rsquo;archives de la BAnQ \u00e0 Montr\u00e9al (535, av. Viger E.), Martin Petitclerc et Jaouad Laaroussi (assistant de recherche au CHRS&#8230;<\/p>\n","protected":false},"author":3,"featured_media":1808,"comment_status":"closed","ping_status":"closed","sticky":false,"template":"","format":"standard","meta":{"_monsterinsights_skip_tracking":false,"_monsterinsights_sitenote_active":false,"_monsterinsights_sitenote_note":"","_monsterinsights_sitenote_category":0,"footnotes":""},"categories":[5],"tags":[40,13],"class_list":["post-788","post","type-post","status-publish","format-standard","has-post-thumbnail","hentry","category-colloques-et-conferences","tag-jaouad-laaroussi","tag-martin-petitclerc"],"_links":{"self":[{"href":"https:\/\/chrs.uqam.ca\/index.php\/wp-json\/wp\/v2\/posts\/788","targetHints":{"allow":["GET"]}}],"collection":[{"href":"https:\/\/chrs.uqam.ca\/index.php\/wp-json\/wp\/v2\/posts"}],"about":[{"href":"https:\/\/chrs.uqam.ca\/index.php\/wp-json\/wp\/v2\/types\/post"}],"author":[{"embeddable":true,"href":"https:\/\/chrs.uqam.ca\/index.php\/wp-json\/wp\/v2\/users\/3"}],"replies":[{"embeddable":true,"href":"https:\/\/chrs.uqam.ca\/index.php\/wp-json\/wp\/v2\/comments?post=788"}],"version-history":[{"count":0,"href":"https:\/\/chrs.uqam.ca\/index.php\/wp-json\/wp\/v2\/posts\/788\/revisions"}],"wp:featuredmedia":[{"embeddable":true,"href":"https:\/\/chrs.uqam.ca\/index.php\/wp-json\/wp\/v2\/media\/1808"}],"wp:attachment":[{"href":"https:\/\/chrs.uqam.ca\/index.php\/wp-json\/wp\/v2\/media?parent=788"}],"wp:term":[{"taxonomy":"category","embeddable":true,"href":"https:\/\/chrs.uqam.ca\/index.php\/wp-json\/wp\/v2\/categories?post=788"},{"taxonomy":"post_tag","embeddable":true,"href":"https:\/\/chrs.uqam.ca\/index.php\/wp-json\/wp\/v2\/tags?post=788"}],"curies":[{"name":"wp","href":"https:\/\/api.w.org\/{rel}","templated":true}]}}