{"id":770,"date":"2013-10-30T19:37:17","date_gmt":"2013-10-30T18:37:17","guid":{"rendered":"http:\/\/chrs.cieq.ca\/?p=770"},"modified":"2018-09-18T10:48:31","modified_gmt":"2018-09-18T14:48:31","slug":"le-chercheur-francois-guillemot-a-presente-deux-conferences-a-luqam","status":"publish","type":"post","link":"https:\/\/chrs.uqam.ca\/index.php\/2013\/10\/30\/le-chercheur-francois-guillemot-a-presente-deux-conferences-a-luqam\/","title":{"rendered":"Le chercheur Fran\u00e7ois Guillemot a pr\u00e9sent\u00e9 deux conf\u00e9rences \u00e0 l\u2019UQAM"},"content":{"rendered":"<p class=\"p1\"><img loading=\"lazy\" decoding=\"async\" class=\"size-medium wp-image-772 alignleft\" src=\"http:\/\/chrs.cieq.ca\/wp-content\/uploads\/2017\/02\/AFFICHE_BERU_FINALE_1-194x300.jpg\" alt=\"\" width=\"194\" height=\"300\" srcset=\"https:\/\/chrs.uqam.ca\/wp-content\/uploads\/2017\/02\/AFFICHE_BERU_FINALE_1-194x300.jpg 194w, https:\/\/chrs.uqam.ca\/wp-content\/uploads\/2017\/02\/AFFICHE_BERU_FINALE_1-768x1187.jpg 768w, https:\/\/chrs.uqam.ca\/wp-content\/uploads\/2017\/02\/AFFICHE_BERU_FINALE_1-663x1024.jpg 663w, https:\/\/chrs.uqam.ca\/wp-content\/uploads\/2017\/02\/AFFICHE_BERU_FINALE_1.jpg 1650w\" sizes=\"auto, (max-width: 194px) 100vw, 194px\" \/><\/p>\n<p class=\"p1\"><span class=\"s1\">L&rsquo;\u00e9quipe du CHRS, en collaboration avec le d\u00e9partement d&rsquo;histoire de l&rsquo;UQAM, est heureuse d&rsquo;avoir re\u00e7u\u00a0<a href=\"http:\/\/iao.ish-lyon.cnrs.fr\/spip.php?article131\"><span class=\"s2\">Fran\u00e7ois Guillemot<\/span><\/a>,\u00a0chercheur \u00e0 l&rsquo;Institut d&rsquo;Asie orientale et ancien chanteur de la formation B\u00e9rurier Noir, qui a pr\u00e9sent\u00e9 lors de son passage deux conf\u00e9rences.<\/span><\/p>\n<p class=\"p1\"><span class=\"s1\">La premi\u00e8re, intitul\u00e9e \u00abB\u00e9rurier Noir : fragments culturels et itin\u00e9raire personnel\u00bb, a eu lieu le mercredi 30 octobre au local A-M050 (pavillon Hubert-Aquin de l&rsquo;UQAM), \u00e0 compter de 18h00. <a href=\"http:\/\/www.politique.uqam.ca\/corps-professoral\/professeurs\/162-dupuis-deri-francis.html\"><span class=\"s2\">Francis Dupuis-D\u00e9ri<\/span><\/a>, professeur au d\u00e9partement de sciences politiques de l&rsquo;UQAM, s&rsquo;est charg\u00e9 d&rsquo;ouvrir la conf\u00e9rence. Pour plus de d\u00e9tails, <span class=\"s2\">consultez l&rsquo;affiche de la conf\u00e9rence<\/span>.<\/span><\/p>\n<p class=\"p1\"><span class=\"s1\">La seconde conf\u00e9rence, intitul\u00e9e \u00abLa r\u00e9volution inachev\u00e9e du mouvement nationaliste vietnamien\u00bb, a eu lieu le jeudi 31 octobre \u00e0 la salle des boiseries, local J-2805 (pavillon Judith-Jasmin de l&rsquo;UQAM), \u00e0 compter de 14h00. Pour plus de d\u00e9tails, <span class=\"s2\">consultez l&rsquo;affiche de la conf\u00e9rence<\/span>.<\/span><\/p>\n<p class=\"p1\"><img loading=\"lazy\" decoding=\"async\" class=\"alignnone size-medium wp-image-771\" src=\"http:\/\/chrs.cieq.ca\/wp-content\/uploads\/2017\/02\/AFFICHE_VIETNAM_2013-10-02_SD-194x300.jpg\" alt=\"\" width=\"194\" height=\"300\" srcset=\"https:\/\/chrs.uqam.ca\/wp-content\/uploads\/2017\/02\/AFFICHE_VIETNAM_2013-10-02_SD-194x300.jpg 194w, https:\/\/chrs.uqam.ca\/wp-content\/uploads\/2017\/02\/AFFICHE_VIETNAM_2013-10-02_SD-768x1187.jpg 768w, https:\/\/chrs.uqam.ca\/wp-content\/uploads\/2017\/02\/AFFICHE_VIETNAM_2013-10-02_SD-663x1024.jpg 663w, https:\/\/chrs.uqam.ca\/wp-content\/uploads\/2017\/02\/AFFICHE_VIETNAM_2013-10-02_SD.jpg 1650w\" sizes=\"auto, (max-width: 194px) 100vw, 194px\" \/><\/p>\n<p class=\"p1\"><span class=\"s1\">\u00c0 l&rsquo;occasion de son passage \u00e0 Montr\u00e9al, Fran\u00e7ois Guillemot a \u00e9galement \u00e9t\u00e9 interview\u00e9 par Catherine Perrin (Radio-Canada). Pour \u00e9couter l&rsquo;entrevue, <a href=\"http:\/\/www.radio-canada.ca\/emissions\/medium_large\/2013-2014\/archives.asp?date=2013-11-13\"><span class=\"s2\">cliquez ici<\/span><\/a>.<\/span><\/p>\n","protected":false},"excerpt":{"rendered":"<p>L&rsquo;\u00e9quipe du CHRS, en collaboration avec le d\u00e9partement d&rsquo;histoire de l&rsquo;UQAM, est heureuse d&rsquo;avoir re\u00e7u\u00a0Fran\u00e7ois Guillemot,\u00a0chercheur \u00e0 l&rsquo;Institut d&rsquo;Asie orientale et ancien chanteur de la formation B\u00e9rurier Noir, qui a&#8230;<\/p>\n","protected":false},"author":3,"featured_media":772,"comment_status":"closed","ping_status":"closed","sticky":false,"template":"","format":"standard","meta":{"_monsterinsights_skip_tracking":false,"_monsterinsights_sitenote_active":false,"_monsterinsights_sitenote_note":"","_monsterinsights_sitenote_category":0,"footnotes":""},"categories":[569,5],"tags":[],"class_list":["post-770","post","type-post","status-publish","format-standard","has-post-thumbnail","hentry","category-activites-scientifiques-chrs","category-colloques-et-conferences"],"_links":{"self":[{"href":"https:\/\/chrs.uqam.ca\/index.php\/wp-json\/wp\/v2\/posts\/770","targetHints":{"allow":["GET"]}}],"collection":[{"href":"https:\/\/chrs.uqam.ca\/index.php\/wp-json\/wp\/v2\/posts"}],"about":[{"href":"https:\/\/chrs.uqam.ca\/index.php\/wp-json\/wp\/v2\/types\/post"}],"author":[{"embeddable":true,"href":"https:\/\/chrs.uqam.ca\/index.php\/wp-json\/wp\/v2\/users\/3"}],"replies":[{"embeddable":true,"href":"https:\/\/chrs.uqam.ca\/index.php\/wp-json\/wp\/v2\/comments?post=770"}],"version-history":[{"count":0,"href":"https:\/\/chrs.uqam.ca\/index.php\/wp-json\/wp\/v2\/posts\/770\/revisions"}],"wp:featuredmedia":[{"embeddable":true,"href":"https:\/\/chrs.uqam.ca\/index.php\/wp-json\/wp\/v2\/media\/772"}],"wp:attachment":[{"href":"https:\/\/chrs.uqam.ca\/index.php\/wp-json\/wp\/v2\/media?parent=770"}],"wp:term":[{"taxonomy":"category","embeddable":true,"href":"https:\/\/chrs.uqam.ca\/index.php\/wp-json\/wp\/v2\/categories?post=770"},{"taxonomy":"post_tag","embeddable":true,"href":"https:\/\/chrs.uqam.ca\/index.php\/wp-json\/wp\/v2\/tags?post=770"}],"curies":[{"name":"wp","href":"https:\/\/api.w.org\/{rel}","templated":true}]}}