{"id":754,"date":"2014-01-09T19:12:37","date_gmt":"2014-01-09T18:12:37","guid":{"rendered":"http:\/\/chrs.cieq.ca\/?p=754"},"modified":"2017-05-03T11:31:26","modified_gmt":"2017-05-03T15:31:26","slug":"le-memoire-de-vincent-garneau-publie-par-la-chaire-de-recherche-du-canada-en-organisation-communautaire","status":"publish","type":"post","link":"https:\/\/chrs.uqam.ca\/index.php\/2014\/01\/09\/le-memoire-de-vincent-garneau-publie-par-la-chaire-de-recherche-du-canada-en-organisation-communautaire\/","title":{"rendered":"Le m\u00e9moire de Vincent Garneau publi\u00e9 par la Chaire de recherche du Canada en organisation communautaire"},"content":{"rendered":"<p class=\"p1\"><span class=\"s1\"><img loading=\"lazy\" decoding=\"async\" class=\"alignnone size-full wp-image-1789 alignleft\" src=\"http:\/\/chrs.cieq.ca\/wp-content\/uploads\/2014\/01\/CRCOC.png\" alt=\"\" width=\"262\" height=\"80\" \/>Vincent Garneau<\/span><span class=\"s2\">, ancien assistant de recherche du CHRS et dipl\u00f4m\u00e9 de la ma\u00eetrise en histoire de l&rsquo;UQAM (dir. <a href=\"http:\/\/chrs.cieq.ca\/index.php\/a-propos\/equipe\/membres-reguliers\/martin-petitclerc\/\"><span class=\"s1\">Martin Petitclerc<\/span><\/a>), a vu son m\u00e9moire intitul\u00e9 \u00abLe Conseil des Oeuvres de Montr\u00e9al : Animation sociale, d\u00e9mocratie participative et affrontement politique\u00bb publi\u00e9 par la <a href=\"http:\/\/www4.uqo.ca\/crcoc\/Index.htm\"><span class=\"s1\">Chaire de recherche du Canada en organisation communautaire (CRCOC)<\/span><\/a> de l&rsquo;Universit\u00e9 du Qu\u00e9bec en Outaouais. Son m\u00e9moire est disponible sur leur <a href=\"http:\/\/www4.uqo.ca\/crcoc\/Index.htm\"><span class=\"s1\">site Internet<\/span><\/a> (Nouvelles publications : Collection histoire de l&rsquo;organisation communautaire).<\/span><\/p>\n<p class=\"p3\"><span class=\"s2\">De la part de toute l&rsquo;\u00e9quipe : f\u00e9licitations!<\/span><\/p>\n","protected":false},"excerpt":{"rendered":"<p>Vincent Garneau, ancien assistant de recherche du CHRS et dipl\u00f4m\u00e9 de la ma\u00eetrise en histoire de l&rsquo;UQAM (dir. Martin Petitclerc), a vu son m\u00e9moire intitul\u00e9 \u00abLe Conseil des Oeuvres de&#8230;<\/p>\n","protected":false},"author":3,"featured_media":1789,"comment_status":"closed","ping_status":"closed","sticky":false,"template":"","format":"standard","meta":{"_monsterinsights_skip_tracking":false,"_monsterinsights_sitenote_active":false,"_monsterinsights_sitenote_note":"","_monsterinsights_sitenote_category":0,"footnotes":""},"categories":[8],"tags":[],"class_list":["post-754","post","type-post","status-publish","format-standard","has-post-thumbnail","hentry","category-nouvelles-des-anciens"],"_links":{"self":[{"href":"https:\/\/chrs.uqam.ca\/index.php\/wp-json\/wp\/v2\/posts\/754","targetHints":{"allow":["GET"]}}],"collection":[{"href":"https:\/\/chrs.uqam.ca\/index.php\/wp-json\/wp\/v2\/posts"}],"about":[{"href":"https:\/\/chrs.uqam.ca\/index.php\/wp-json\/wp\/v2\/types\/post"}],"author":[{"embeddable":true,"href":"https:\/\/chrs.uqam.ca\/index.php\/wp-json\/wp\/v2\/users\/3"}],"replies":[{"embeddable":true,"href":"https:\/\/chrs.uqam.ca\/index.php\/wp-json\/wp\/v2\/comments?post=754"}],"version-history":[{"count":0,"href":"https:\/\/chrs.uqam.ca\/index.php\/wp-json\/wp\/v2\/posts\/754\/revisions"}],"wp:featuredmedia":[{"embeddable":true,"href":"https:\/\/chrs.uqam.ca\/index.php\/wp-json\/wp\/v2\/media\/1789"}],"wp:attachment":[{"href":"https:\/\/chrs.uqam.ca\/index.php\/wp-json\/wp\/v2\/media?parent=754"}],"wp:term":[{"taxonomy":"category","embeddable":true,"href":"https:\/\/chrs.uqam.ca\/index.php\/wp-json\/wp\/v2\/categories?post=754"},{"taxonomy":"post_tag","embeddable":true,"href":"https:\/\/chrs.uqam.ca\/index.php\/wp-json\/wp\/v2\/tags?post=754"}],"curies":[{"name":"wp","href":"https:\/\/api.w.org\/{rel}","templated":true}]}}