{"id":7491,"date":"2020-10-06T09:20:45","date_gmt":"2020-10-06T13:20:45","guid":{"rendered":"https:\/\/chrs.dev.uqam.ca\/?p=7491"},"modified":"2020-10-06T09:31:58","modified_gmt":"2020-10-06T13:31:58","slug":"marie-claude-thifault-invitee-a-savoir-media-au-sujet-de-lhopital-saint-jean-de-dieu","status":"publish","type":"post","link":"https:\/\/chrs.uqam.ca\/index.php\/2020\/10\/06\/marie-claude-thifault-invitee-a-savoir-media-au-sujet-de-lhopital-saint-jean-de-dieu\/","title":{"rendered":"Marie-Claude Thifault invit\u00e9e \u00e0 <em>savoir.m\u00e9dia<\/em> au sujet de l&rsquo;H\u00f4pital Saint-Jean-de-Dieu"},"content":{"rendered":"\n<p>Marie-Claude Thifault, membre r\u00e9guli\u00e8re du CHRS et directrice de l\u2019Unit\u00e9 de recherche sur l\u2019histoire du nursing \u00e0 l\u2019Universit\u00e9 d\u2019Ottawa, participe \u00e0 l&rsquo;\u00e9mission \u00ab Avant, Apr\u00e8s \u00bb, notamment diffus\u00e9e sur la plateforme <em>Savoir.m\u00e9dia<\/em>. Elle est invit\u00e9e \u00e0 titre de sp\u00e9cialiste de l&rsquo;histoire institutionnelle de l&rsquo;H\u00f4pital Saint-Jean-de-Dieu, aux c\u00f4t\u00e9s du sociologue Jean-Philippe Warren et de l&rsquo;animatrice Flavie Payette-Renouf. <\/p>\n\n\n\n<p style=\"text-align:center\"><a rel=\"noreferrer noopener\" aria-label=\"Visionner l'\u00e9pisode  (s\u2019ouvre dans un nouvel onglet)\" href=\"https:\/\/savoir.media\/avant-apres-saison-2\/clip\/hopital-saint-jean-de-dieu\" target=\"_blank\">Visionner l&rsquo;\u00e9pisode<\/a><\/p>\n\n\n\n<div class=\"wp-block-image\"><figure class=\"aligncenter\"><a href=\"https:\/\/savoir.media\/avant-apres-saison-2\/clip\/hopital-saint-jean-de-dieu\" target=\"_blank\" rel=\"noreferrer noopener\"><img loading=\"lazy\" decoding=\"async\" width=\"596\" height=\"335\" src=\"https:\/\/chrs.uqam.ca\/wp-content\/uploads\/2020\/10\/Capture-d\u2019e\u0301cran-le-2020-10-06-a\u0300-09.17.03.png\" alt=\"\" class=\"wp-image-7499\" srcset=\"https:\/\/chrs.uqam.ca\/wp-content\/uploads\/2020\/10\/Capture-d\u2019e\u0301cran-le-2020-10-06-a\u0300-09.17.03.png 596w, https:\/\/chrs.uqam.ca\/wp-content\/uploads\/2020\/10\/Capture-d\u2019e\u0301cran-le-2020-10-06-a\u0300-09.17.03-300x169.png 300w\" sizes=\"auto, (max-width: 596px) 100vw, 596px\" \/><\/a><\/figure><\/div>\n\n\n\n<p class=\"has-background has-very-light-gray-background-color\">\u00c0 propos de l&rsquo;\u00e9pisode : <em>Au cours du 19e si\u00e8cle, on souhaite isoler les individus pouvant d\u00e9ranger l\u2019ordre civil tout en leur donnant un cadre favorable \u00e0 la gu\u00e9rison. L\u2019asile St-Jean-de-Dieu est ainsi fond\u00e9 en 1874, \u00e0 grande distance des quartiers r\u00e9sidentiels. Afin d\u2019\u00eatre autosuffisant, l\u2019h\u00f4pital prend des airs de petit village, bien qu\u2019en r\u00e9alit\u00e9, il s\u2019agisse d\u2019un lieu d\u2019enfermement g\u00e9r\u00e9 par des religieux. Dans les ann\u00e9es 20, des infirmi\u00e8res la\u00efques et des m\u00e9decins entrent \u00e0 l\u2019h\u00f4pital. Tranquillement, la m\u00e9decine moderne y fait sa place. Une cinquantaine d\u2019ann\u00e9es plus tard, l\u2019endroit est affili\u00e9 \u00e0 l\u2019Universit\u00e9 de Montr\u00e9al et devient l\u2019h\u00f4pital Louis-H.-Lafontaine. Cela marque une cassure dans la gestion des lieux et le traitement des patients. Aujourd\u2019hui, l\u2019endroit porte le nom d\u2019Institut universitaire en sant\u00e9 mentale de Montr\u00e9al.<\/em><\/p>\n","protected":false},"excerpt":{"rendered":"<p>Marie-Claude Thifault, membre r\u00e9guli\u00e8re du CHRS et directrice de l\u2019Unit\u00e9 de recherche sur l\u2019histoire du nursing \u00e0 l\u2019Universit\u00e9 d\u2019Ottawa, participe \u00e0 l&rsquo;\u00e9mission \u00ab Avant, Apr\u00e8s \u00bb, notamment diffus\u00e9e sur la&#8230;<\/p>\n","protected":false},"author":2,"featured_media":7492,"comment_status":"closed","ping_status":"closed","sticky":false,"template":"","format":"standard","meta":{"_monsterinsights_skip_tracking":false,"_monsterinsights_sitenote_active":false,"_monsterinsights_sitenote_note":"","_monsterinsights_sitenote_category":0,"footnotes":""},"categories":[3],"tags":[14],"class_list":["post-7491","post","type-post","status-publish","format-standard","has-post-thumbnail","hentry","category-actualites","tag-marie-claude-thifault"],"_links":{"self":[{"href":"https:\/\/chrs.uqam.ca\/index.php\/wp-json\/wp\/v2\/posts\/7491","targetHints":{"allow":["GET"]}}],"collection":[{"href":"https:\/\/chrs.uqam.ca\/index.php\/wp-json\/wp\/v2\/posts"}],"about":[{"href":"https:\/\/chrs.uqam.ca\/index.php\/wp-json\/wp\/v2\/types\/post"}],"author":[{"embeddable":true,"href":"https:\/\/chrs.uqam.ca\/index.php\/wp-json\/wp\/v2\/users\/2"}],"replies":[{"embeddable":true,"href":"https:\/\/chrs.uqam.ca\/index.php\/wp-json\/wp\/v2\/comments?post=7491"}],"version-history":[{"count":0,"href":"https:\/\/chrs.uqam.ca\/index.php\/wp-json\/wp\/v2\/posts\/7491\/revisions"}],"wp:featuredmedia":[{"embeddable":true,"href":"https:\/\/chrs.uqam.ca\/index.php\/wp-json\/wp\/v2\/media\/7492"}],"wp:attachment":[{"href":"https:\/\/chrs.uqam.ca\/index.php\/wp-json\/wp\/v2\/media?parent=7491"}],"wp:term":[{"taxonomy":"category","embeddable":true,"href":"https:\/\/chrs.uqam.ca\/index.php\/wp-json\/wp\/v2\/categories?post=7491"},{"taxonomy":"post_tag","embeddable":true,"href":"https:\/\/chrs.uqam.ca\/index.php\/wp-json\/wp\/v2\/tags?post=7491"}],"curies":[{"name":"wp","href":"https:\/\/api.w.org\/{rel}","templated":true}]}}