{"id":741,"date":"2014-02-02T16:43:13","date_gmt":"2014-02-02T15:43:13","guid":{"rendered":"http:\/\/chrs.cieq.ca\/?p=741"},"modified":"2017-05-02T08:46:09","modified_gmt":"2017-05-02T12:46:09","slug":"une-discussion-sur-lombre-portee-de-marcelo-otero-disponible-en-ligne","status":"publish","type":"post","link":"https:\/\/chrs.uqam.ca\/index.php\/2014\/02\/02\/une-discussion-sur-lombre-portee-de-marcelo-otero-disponible-en-ligne\/","title":{"rendered":"Une discussion sur L&rsquo;ombre port\u00e9e de Marcelo Otero disponible en ligne"},"content":{"rendered":"<p class=\"p1\"><span class=\"s1\">Dans un article de la revue SociologieS, les chercheurs Alain Ehrenberg et Danilo Martuccelli \u00e9changent sur le livre L&rsquo;Ombre port\u00e9e : l&rsquo;individualit\u00e9 \u00e0 l&rsquo;\u00e9preuve de la d\u00e9pression de <span class=\"s2\">Marcelo Otero<\/span>, chercheur au CHRS, paru chez Bor\u00e9al en 2012.<\/span><\/p>\n<p class=\"p1\"><span class=\"s1\">L&rsquo;article \u00abGrand r\u00e9sum\u00e9 de L&rsquo;Ombre port\u00e9e\u00bb, SociologieS, est maintenant\u00a0<a href=\"http:\/\/sociologies.revues.org\/4504\"><span class=\"s2\">disponible en ligne<\/span><\/a>.<\/span><\/p>\n","protected":false},"excerpt":{"rendered":"<p>Dans un article de la revue SociologieS, les chercheurs Alain Ehrenberg et Danilo Martuccelli \u00e9changent sur le livre L&rsquo;Ombre port\u00e9e : l&rsquo;individualit\u00e9 \u00e0 l&rsquo;\u00e9preuve de la d\u00e9pression de Marcelo Otero,&#8230;<\/p>\n","protected":false},"author":3,"featured_media":2202,"comment_status":"closed","ping_status":"closed","sticky":false,"template":"","format":"standard","meta":{"_monsterinsights_skip_tracking":false,"_monsterinsights_sitenote_active":false,"_monsterinsights_sitenote_note":"","_monsterinsights_sitenote_category":0,"footnotes":""},"categories":[5],"tags":[],"class_list":["post-741","post","type-post","status-publish","format-standard","has-post-thumbnail","hentry","category-colloques-et-conferences"],"_links":{"self":[{"href":"https:\/\/chrs.uqam.ca\/index.php\/wp-json\/wp\/v2\/posts\/741","targetHints":{"allow":["GET"]}}],"collection":[{"href":"https:\/\/chrs.uqam.ca\/index.php\/wp-json\/wp\/v2\/posts"}],"about":[{"href":"https:\/\/chrs.uqam.ca\/index.php\/wp-json\/wp\/v2\/types\/post"}],"author":[{"embeddable":true,"href":"https:\/\/chrs.uqam.ca\/index.php\/wp-json\/wp\/v2\/users\/3"}],"replies":[{"embeddable":true,"href":"https:\/\/chrs.uqam.ca\/index.php\/wp-json\/wp\/v2\/comments?post=741"}],"version-history":[{"count":0,"href":"https:\/\/chrs.uqam.ca\/index.php\/wp-json\/wp\/v2\/posts\/741\/revisions"}],"wp:featuredmedia":[{"embeddable":true,"href":"https:\/\/chrs.uqam.ca\/index.php\/wp-json\/wp\/v2\/media\/2202"}],"wp:attachment":[{"href":"https:\/\/chrs.uqam.ca\/index.php\/wp-json\/wp\/v2\/media?parent=741"}],"wp:term":[{"taxonomy":"category","embeddable":true,"href":"https:\/\/chrs.uqam.ca\/index.php\/wp-json\/wp\/v2\/categories?post=741"},{"taxonomy":"post_tag","embeddable":true,"href":"https:\/\/chrs.uqam.ca\/index.php\/wp-json\/wp\/v2\/tags?post=741"}],"curies":[{"name":"wp","href":"https:\/\/api.w.org\/{rel}","templated":true}]}}