{"id":7393,"date":"2020-07-12T21:17:53","date_gmt":"2020-07-13T01:17:53","guid":{"rendered":"https:\/\/chrs.dev.uqam.ca\/?p=7393"},"modified":"2020-07-12T21:26:26","modified_gmt":"2020-07-13T01:26:26","slug":"contributions-de-lequipe-au-dernier-numero-de-la-revue-dhistoire-de-lamerique-francaise","status":"publish","type":"post","link":"https:\/\/chrs.uqam.ca\/index.php\/2020\/07\/12\/contributions-de-lequipe-au-dernier-numero-de-la-revue-dhistoire-de-lamerique-francaise\/","title":{"rendered":"Contributions de l&rsquo;\u00e9quipe au dernier num\u00e9ro de la <em>Revue d&rsquo;histoire de l&rsquo;Am\u00e9rique fran\u00e7aise<\/em>"},"content":{"rendered":"\n<p>Thierry Nootens, membre r\u00e9gulier de l&rsquo;\u00e9quipe, ainsi que Julie Francoeur et Nathalie Ricard, doctorantes membres \u00e9tudiantes, contribuent au dernier num\u00e9ro de la <a rel=\"noreferrer noopener\" aria-label=\"Revue d'histoire de l'Am\u00e9rique fran\u00e7aise, volume 73, num\u00e9ro 3, hiver 2020 (s\u2019ouvre dans un nouvel onglet)\" href=\"https:\/\/www-erudit-org.proxy.bibliotheques.uqam.ca\/fr\/revues\/haf\/2020-v73-n3-haf05359\/\" target=\"_blank\"><em>Revue d&rsquo;histoire de l&rsquo;Am\u00e9rique fran\u00e7aise<\/em>, volume 73, num\u00e9ro 3, hiver 2020<\/a>. <\/p>\n\n\n\n<p>Thierry Nootens et Nathalie Ricard, co-signent le texte \u00ab <a rel=\"noreferrer noopener\" aria-label=\" (s\u2019ouvre dans un nouvel onglet)\" href=\"https:\/\/www-erudit-org.proxy.bibliotheques.uqam.ca\/fr\/revues\/haf\/2020-v73-n3-haf05359\/1070107ar\/\" target=\"_blank\">Corporations, al\u00e9as des affaires et justice civile au Qu\u00e9bec, 1880-1930&nbsp;: le cas du district de Trois-Rivi\u00e8res&nbsp;<\/a>\u00bb. Alors que certaines th\u00e8ses sugg\u00e8rent que le droit et les tribunaux \u00e9taient inf\u00e9od\u00e9s aux souhaits des entrepreneurs et des entreprises durant la transition au capitalisme industriel, les auteurs montrent que le d\u00e9veloppement de la grande industrie et des entreprises incorpor\u00e9es s\u2019est accompagn\u00e9 d\u2019une r\u00e9gulation judiciaire plus intensive du champ \u00e9conomique. <\/p>\n\n\n\n<p>Au sein du num\u00e9ro se trouve \u00e9galement le<a rel=\"noreferrer noopener\" aria-label=\" compte-rendu de Julie Francoeur (s\u2019ouvre dans un nouvel onglet)\" href=\"https:\/\/www-erudit-org.proxy.bibliotheques.uqam.ca\/fr\/revues\/haf\/2020-v73-n3-haf05359\/1070117ar\/\" target=\"_blank\"> compte-rendu de Julie Francoeur<\/a> \u00e0 propos de l&rsquo;ouvrage&nbsp;<em>Les Soeurs de la Charit\u00e9 de Saint-Louis en Am\u00e9rique, 1902-2018<\/em> d&rsquo;\u00c9mily Guilbeault-Cayer. La doctorante en histoire \u00e0 l&rsquo;Universit\u00e9 Laval souligne notamment que \u00ab&nbsp;construit de fa\u00e7on tr\u00e8s lin\u00e9aire et chronologique, le livre demeure fort instructif et r\u00e9pond \u00e0 un objectif important&nbsp;: ins\u00e9rer dans la p\u00e9rennit\u00e9 cette communaut\u00e9 religieuse fortement impliqu\u00e9e dans le domaine de l\u2019\u00e9ducation, alors que les religieuses, autrefois omnipr\u00e9sentes dans nos soci\u00e9t\u00e9s, sont de moins en moins nombreuses et visibles aujourd\u2019hui \u00bb. <\/p>\n\n\n\n<p>Soulignons finalement que V\u00e9ronika Brandl-Mouton et Louise Lainesse, membres \u00e9tudiantes de l&rsquo;\u00e9quipe, agissent \u00e0 titre de contributrices \u00e0 la <em><a rel=\"noreferrer noopener\" aria-label=\"Bibliographie sur l\u2019histoire de l\u2019Am\u00e9rique fran\u00e7aise (s\u2019ouvre dans un nouvel onglet)\" href=\"https:\/\/www-erudit-org.proxy.bibliotheques.uqam.ca\/fr\/revues\/haf\/2020-v73-n3-haf05359\/1070124ar\/\" target=\"_blank\">Bibliographie sur l\u2019histoire de l\u2019Am\u00e9rique fran\u00e7aise<\/a>.<\/em><\/p>\n\n\n\n<p>Pour consulter le plus r\u00e9cent num\u00e9ro, accessible en ligne via \u00c9rudit, c&rsquo;est <a href=\"https:\/\/www-erudit-org.proxy.bibliotheques.uqam.ca\/fr\/revues\/haf\/2020-v73-n3-haf05359\/\" target=\"_blank\" rel=\"noreferrer noopener\" aria-label=\"ici (s\u2019ouvre dans un nouvel onglet)\">ici<\/a>. <\/p>\n","protected":false},"excerpt":{"rendered":"<p>Thierry Nootens, membre r\u00e9gulier de l&rsquo;\u00e9quipe, ainsi que Julie Francoeur et Nathalie Ricard, doctorantes membres \u00e9tudiantes, contribuent au dernier num\u00e9ro de la Revue d&rsquo;histoire de l&rsquo;Am\u00e9rique fran\u00e7aise, volume 73, num\u00e9ro&#8230;<\/p>\n","protected":false},"author":2,"featured_media":7394,"comment_status":"closed","ping_status":"closed","sticky":false,"template":"","format":"standard","meta":{"_monsterinsights_skip_tracking":false,"_monsterinsights_sitenote_active":false,"_monsterinsights_sitenote_note":"","_monsterinsights_sitenote_category":0,"footnotes":""},"categories":[3],"tags":[579,574,572,16,568],"class_list":["post-7393","post","type-post","status-publish","format-standard","has-post-thumbnail","hentry","category-actualites","tag-julie-francoeur","tag-louise-lainesse","tag-nathalie-ricard","tag-thierry-nootens","tag-veronika-brandl-mouton"],"_links":{"self":[{"href":"https:\/\/chrs.uqam.ca\/index.php\/wp-json\/wp\/v2\/posts\/7393","targetHints":{"allow":["GET"]}}],"collection":[{"href":"https:\/\/chrs.uqam.ca\/index.php\/wp-json\/wp\/v2\/posts"}],"about":[{"href":"https:\/\/chrs.uqam.ca\/index.php\/wp-json\/wp\/v2\/types\/post"}],"author":[{"embeddable":true,"href":"https:\/\/chrs.uqam.ca\/index.php\/wp-json\/wp\/v2\/users\/2"}],"replies":[{"embeddable":true,"href":"https:\/\/chrs.uqam.ca\/index.php\/wp-json\/wp\/v2\/comments?post=7393"}],"version-history":[{"count":0,"href":"https:\/\/chrs.uqam.ca\/index.php\/wp-json\/wp\/v2\/posts\/7393\/revisions"}],"wp:featuredmedia":[{"embeddable":true,"href":"https:\/\/chrs.uqam.ca\/index.php\/wp-json\/wp\/v2\/media\/7394"}],"wp:attachment":[{"href":"https:\/\/chrs.uqam.ca\/index.php\/wp-json\/wp\/v2\/media?parent=7393"}],"wp:term":[{"taxonomy":"category","embeddable":true,"href":"https:\/\/chrs.uqam.ca\/index.php\/wp-json\/wp\/v2\/categories?post=7393"},{"taxonomy":"post_tag","embeddable":true,"href":"https:\/\/chrs.uqam.ca\/index.php\/wp-json\/wp\/v2\/tags?post=7393"}],"curies":[{"name":"wp","href":"https:\/\/api.w.org\/{rel}","templated":true}]}}