{"id":7385,"date":"2020-07-07T22:23:43","date_gmt":"2020-07-08T02:23:43","guid":{"rendered":"https:\/\/chrs.dev.uqam.ca\/?p=7385"},"modified":"2020-07-07T22:27:51","modified_gmt":"2020-07-08T02:27:51","slug":"publication-de-noemie-charest-bourdon-sur-les-liens-entre-crise-sanitaire-et-mouvements-sociaux","status":"publish","type":"post","link":"https:\/\/chrs.uqam.ca\/index.php\/2020\/07\/07\/publication-de-noemie-charest-bourdon-sur-les-liens-entre-crise-sanitaire-et-mouvements-sociaux\/","title":{"rendered":"Publication de No\u00e9mie Charest-Bourdon sur les liens entre crise sanitaire et mouvements sociaux"},"content":{"rendered":"\n<p>No\u00e9mie Charest-Bourdon, membre \u00e9tudiante de l&rsquo;\u00e9quipe, a publi\u00e9 le texte <a rel=\"noreferrer noopener\" aria-label=\"\u00ab Le calme avant la temp\u00eate ? \u00c9pid\u00e9mies et conflits sociaux&nbsp;\u00bb (s\u2019ouvre dans un nouvel onglet)\" href=\"http:\/\/histoireengagee.ca\/le-calme-avant-la-tempete-epidemies-et-conflits-sociaux\/?fbclid=IwAR3DAL-aIVSHBjsSgh5bvH1VgiMZNXjwzZGk3bAIkcAZ3UPyuCKnd32WFlQ\" target=\"_blank\">\u00ab Le calme avant la temp\u00eate ? \u00c9pid\u00e9mies et conflits sociaux&nbsp;\u00bb<\/a> au sein de la rubrique<em> Historiens et historiennes en quarantaine,&nbsp;<\/em>une initiative d\u2019HistoireEngag\u00e9e.ca. La candidate au doctorat s&rsquo;est int\u00e9ress\u00e9e aux liens entre crise sanitaire et mouvements sociaux dans une perspective historique. <\/p>\n\n\n\n<p>Extrait: \u00ab Les maladies sont bien souvent des indicateurs des in\u00e9galit\u00e9s qui structurent les soci\u00e9t\u00e9s, et ce, m\u00eame si virus et bact\u00e9ries ne font \u00e0 priori aucune distinction entre les classes sociales auxquelles appartiennent leurs h\u00f4tes. Avec plus d\u2019intensit\u00e9 encore,\u00a0les \u00e9pid\u00e9mies mettent ces iniquit\u00e9s en relief. Tout comme la pand\u00e9mie actuelle, les derni\u00e8res grandes \u00e9pid\u00e9mies qui ont frapp\u00e9 le Qu\u00e9bec, soit la variole en 1885 et la grippe espagnole en 1918-1920, ont en effet \u00e9t\u00e9 de puissants r\u00e9v\u00e9lateurs des in\u00e9galit\u00e9s sociales. \u00bb<\/p>\n\n\n\n<p>\u00c0 lire par <a rel=\"noreferrer noopener\" aria-label=\"ici (s\u2019ouvre dans un nouvel onglet)\" href=\"http:\/\/histoireengagee.ca\/le-calme-avant-la-tempete-epidemies-et-conflits-sociaux\/?fbclid=IwAR3DAL-aIVSHBjsSgh5bvH1VgiMZNXjwzZGk3bAIkcAZ3UPyuCKnd32WFlQ\" target=\"_blank\">ici<\/a>. <\/p>\n","protected":false},"excerpt":{"rendered":"<p>No\u00e9mie Charest-Bourdon, membre \u00e9tudiante de l&rsquo;\u00e9quipe, a publi\u00e9 le texte \u00ab Le calme avant la temp\u00eate ? \u00c9pid\u00e9mies et conflits sociaux&nbsp;\u00bb au sein de la rubrique Historiens et historiennes en&#8230;<\/p>\n","protected":false},"author":2,"featured_media":4896,"comment_status":"closed","ping_status":"closed","sticky":false,"template":"","format":"standard","meta":{"_monsterinsights_skip_tracking":false,"_monsterinsights_sitenote_active":false,"_monsterinsights_sitenote_note":"","_monsterinsights_sitenote_category":0,"footnotes":""},"categories":[3],"tags":[31],"class_list":["post-7385","post","type-post","status-publish","format-standard","has-post-thumbnail","hentry","category-actualites","tag-noemie-charest-bourdon"],"_links":{"self":[{"href":"https:\/\/chrs.uqam.ca\/index.php\/wp-json\/wp\/v2\/posts\/7385","targetHints":{"allow":["GET"]}}],"collection":[{"href":"https:\/\/chrs.uqam.ca\/index.php\/wp-json\/wp\/v2\/posts"}],"about":[{"href":"https:\/\/chrs.uqam.ca\/index.php\/wp-json\/wp\/v2\/types\/post"}],"author":[{"embeddable":true,"href":"https:\/\/chrs.uqam.ca\/index.php\/wp-json\/wp\/v2\/users\/2"}],"replies":[{"embeddable":true,"href":"https:\/\/chrs.uqam.ca\/index.php\/wp-json\/wp\/v2\/comments?post=7385"}],"version-history":[{"count":0,"href":"https:\/\/chrs.uqam.ca\/index.php\/wp-json\/wp\/v2\/posts\/7385\/revisions"}],"wp:featuredmedia":[{"embeddable":true,"href":"https:\/\/chrs.uqam.ca\/index.php\/wp-json\/wp\/v2\/media\/4896"}],"wp:attachment":[{"href":"https:\/\/chrs.uqam.ca\/index.php\/wp-json\/wp\/v2\/media?parent=7385"}],"wp:term":[{"taxonomy":"category","embeddable":true,"href":"https:\/\/chrs.uqam.ca\/index.php\/wp-json\/wp\/v2\/categories?post=7385"},{"taxonomy":"post_tag","embeddable":true,"href":"https:\/\/chrs.uqam.ca\/index.php\/wp-json\/wp\/v2\/tags?post=7385"}],"curies":[{"name":"wp","href":"https:\/\/api.w.org\/{rel}","templated":true}]}}