{"id":7339,"date":"2020-06-22T15:08:02","date_gmt":"2020-06-22T19:08:02","guid":{"rendered":"https:\/\/chrs.dev.uqam.ca\/?p=7339"},"modified":"2020-06-22T16:28:55","modified_gmt":"2020-06-22T20:28:55","slug":"prix-du-fonds-de-recherche-du-quebec-societe-et-culture-frqsc-pour-kim-petit","status":"publish","type":"post","link":"https:\/\/chrs.uqam.ca\/index.php\/2020\/06\/22\/prix-du-fonds-de-recherche-du-quebec-societe-et-culture-frqsc-pour-kim-petit\/","title":{"rendered":"Prix du Fonds de recherche du Qu\u00e9bec \u2013 Soci\u00e9t\u00e9 et culture (FRQSC) pour Kim Petit"},"content":{"rendered":"<p>Kim Petit, coordonnatrice du CHRS, a re\u00e7u l\u2019un des trois <a href=\"http:\/\/www.frqsc.gouv.qc.ca\/fr\/la-recherche\/la-recherche-financee-par-le-frqsc\/prix\/professionnels-recherche\" target=\"_blank\" rel=\"noreferrer noopener\" aria-label=\"Prix d\u2019excellence des professionnels et professionnelles  (s\u2019ouvre dans un nouvel onglet)\">Prix d\u2019excellence des professionnels et professionnelles <\/a>de recherche du Fonds de recherche du Qu\u00e9bec \u2013 Soci\u00e9t\u00e9 et culture (FRQSC). Les membres de toute l&rsquo;\u00e9quipe soulignent avec fiert\u00e9 cette distinction hautement m\u00e9rit\u00e9e et en profitent pour la remercier chaleureusement !<\/p>\n\n\n<p>Professionnelle de recherche \u00e0 l&rsquo;UQAM depuis 2009, Kim a particip\u00e9 \u00e0 plusieurs projets de d\u00e9veloppement d&rsquo;outils  informatiques en sciences humaines. Impliqu\u00e9e au sein de notre \u00e9quipe depuis pr\u00e8s de 10 ans, elle a jou\u00e9 un  r\u00f4le central dans la cr\u00e9ation d&rsquo;une plateforme informatique originale de  recherche, le Syst\u00e8me d&rsquo;information sur les r\u00e9gulations sociales (SIRS), qui a servi \u00e0 l&rsquo;int\u00e9gration de plusieurs dizaines de bases de  donn\u00e9es et \u00e0 la conservation de milliers de documents d&rsquo;archives  num\u00e9riques. En plus d&rsquo;assurer le d\u00e9veloppement des  infrastructures de recherche, elle s&rsquo;occupe de la coordination  g\u00e9n\u00e9rale de l&rsquo;\u00e9quipe.&nbsp; <\/p>\n\n\n\n<p>La laur\u00e9ate est aussi \u00e0 l&#8217;emploi du Laboratoire d&rsquo;histoire et de patrimoine de Montr\u00e9al comme coordonnatrice des projets num\u00e9riques. Elle a, entre autres, coordonn\u00e9 le d\u00e9veloppement du Syst\u00e8me de Cartographie de l&rsquo;HistoirE de Montr\u00e9Al  (SCHEMA), une infrastructure en ligne de visualisation et d&rsquo;analyse de donn\u00e9es historiques g\u00e9ospatialis\u00e9es.&nbsp;  &nbsp;  <\/p>\n\n\n\n<p>Parmi les nombreuses initiatives de Kim, mentionnons son engagement  soutenu pour la transmission, aupr\u00e8s des \u00e9tudiants de cycles sup\u00e9rieurs  en histoire, de comp\u00e9tences technologiques pr\u00e9cieuses en num\u00e9risation,  en cr\u00e9ation de bases de donn\u00e9es et en utilisation de syst\u00e8mes d&rsquo;information g\u00e9ographique.<\/p>\n\n\n\n<p><strong>Au sujet des Prix d\u2019excellence des professionnels et professionnelles de recherche du FRQSC<\/strong><\/p>\n\n\n\n<p>Les Prix d\u2019excellence des professionnels et professionnelles de recherche du FRQSC sont d\u00e9cern\u00e9s annuellement afin de souligner la contribution exceptionnelle des professionnel\u00b7le\u00b7s de recherche \u00e0 la recherche, la mobilisation des connaissances, la formation de la rel\u00e8ve ou au soutien des regroupements de recherche, et ce, dans toutes les disciplines couvertes par les trois Fonds de recherche du Qu\u00e9bec.<\/p>\n","protected":false},"excerpt":{"rendered":"<p>Kim Petit, coordonnatrice du CHRS, a re\u00e7u l\u2019un des trois Prix d\u2019excellence des professionnels et professionnelles de recherche du Fonds de recherche du Qu\u00e9bec \u2013 Soci\u00e9t\u00e9 et culture (FRQSC). Les&#8230;<\/p>\n","protected":false},"author":2,"featured_media":7343,"comment_status":"closed","ping_status":"closed","sticky":false,"template":"","format":"standard","meta":{"_monsterinsights_skip_tracking":false,"_monsterinsights_sitenote_active":false,"_monsterinsights_sitenote_note":"","_monsterinsights_sitenote_category":0,"footnotes":""},"categories":[3],"tags":[53],"class_list":["post-7339","post","type-post","status-publish","format-standard","has-post-thumbnail","hentry","category-actualites","tag-kim-petit"],"_links":{"self":[{"href":"https:\/\/chrs.uqam.ca\/index.php\/wp-json\/wp\/v2\/posts\/7339","targetHints":{"allow":["GET"]}}],"collection":[{"href":"https:\/\/chrs.uqam.ca\/index.php\/wp-json\/wp\/v2\/posts"}],"about":[{"href":"https:\/\/chrs.uqam.ca\/index.php\/wp-json\/wp\/v2\/types\/post"}],"author":[{"embeddable":true,"href":"https:\/\/chrs.uqam.ca\/index.php\/wp-json\/wp\/v2\/users\/2"}],"replies":[{"embeddable":true,"href":"https:\/\/chrs.uqam.ca\/index.php\/wp-json\/wp\/v2\/comments?post=7339"}],"version-history":[{"count":0,"href":"https:\/\/chrs.uqam.ca\/index.php\/wp-json\/wp\/v2\/posts\/7339\/revisions"}],"wp:featuredmedia":[{"embeddable":true,"href":"https:\/\/chrs.uqam.ca\/index.php\/wp-json\/wp\/v2\/media\/7343"}],"wp:attachment":[{"href":"https:\/\/chrs.uqam.ca\/index.php\/wp-json\/wp\/v2\/media?parent=7339"}],"wp:term":[{"taxonomy":"category","embeddable":true,"href":"https:\/\/chrs.uqam.ca\/index.php\/wp-json\/wp\/v2\/categories?post=7339"},{"taxonomy":"post_tag","embeddable":true,"href":"https:\/\/chrs.uqam.ca\/index.php\/wp-json\/wp\/v2\/tags?post=7339"}],"curies":[{"name":"wp","href":"https:\/\/api.w.org\/{rel}","templated":true}]}}