{"id":7324,"date":"2020-05-16T13:24:14","date_gmt":"2020-05-16T17:24:14","guid":{"rendered":"https:\/\/chrs.dev.uqam.ca\/?p=7324"},"modified":"2020-06-16T13:31:04","modified_gmt":"2020-06-16T17:31:04","slug":"aline-charles-et-francois-guerard-interviewes-pour-larticle-histoire-du-systeme-hospitalier-un-reseau-porte-par-les-religieuses","status":"publish","type":"post","link":"https:\/\/chrs.uqam.ca\/index.php\/2020\/05\/16\/aline-charles-et-francois-guerard-interviewes-pour-larticle-histoire-du-systeme-hospitalier-un-reseau-porte-par-les-religieuses\/","title":{"rendered":"Aline Charles et Fran\u00e7ois Gu\u00e9rard interview\u00e9s pour l\u2019article \u00abHistoire du syst\u00e8me hospitalier: un r\u00e9seau port\u00e9 par les religieuses\u00bb"},"content":{"rendered":"\n<p>Le 15 mai dernier, la journaliste Myriam Gauthier s\u2019est int\u00e9ress\u00e9e \u00e0 l\u2019histoire du syst\u00e8me hospitalier et de l&rsquo;implication des religieuses dans le r\u00e9seau des soins de sant\u00e9. Dans son article, \u00ab Histoire du syst\u00e8me hospitalier: un r\u00e9seau port\u00e9 par les religieuses \u00bb, on peut y lire les interventions d\u2019Aline Charles et de Fran\u00e7ois Gu\u00e9rard, membres r\u00e9guliers de l\u2019\u00e9quipe, respectivement professeure au D\u00e9partement d\u2019histoire de l\u2019Universit\u00e9 Laval et professeur associ\u00e9 \u00e0 l\u2019UQAC.<\/p>\n\n\n\n<p>Extrait : <em>L\u2019implication des congr\u00e9gations religieuses dans le r\u00e9seau hospitalier remonte aux d\u00e9buts de la colonisation de la Nouvelle-France, \u00e0 Qu\u00e9bec, \u00e0 Montr\u00e9al et \u00e0 Trois-Rivi\u00e8res. \u00ab\u2009Dans les temps de la colonie, c\u2019\u00e9tait les trois endroits o\u00f9 on trouvait des h\u00f4pitaux. Il va falloir attendre jusqu\u2019au 19e si\u00e8cle avant qu\u2019on voie appara\u00eetre des h\u00f4pitaux dans d\u2019autres localit\u00e9s\u2009\u00bb, explique l\u2019historien Fran\u00e7ois Gu\u00e9rard, professeur associ\u00e9 \u00e0 l\u2019Universit\u00e9 du Qu\u00e9bec \u00e0 Chicoutimi (UQAC) sp\u00e9cialis\u00e9 en histoire de la sant\u00e9.&nbsp;<\/em><\/p>\n\n\n\n<p><a href=\"https:\/\/www.lavoixdelest.ca\/zone\/travailleurs-de-la-sante\/histoire-du-systeme-hospitalier-un-reseau-porte-par-les-religieuses-bb48b38ac3b219b458e3c21bbd9ad689?utm_campaign=lavoixdelest&amp;utm_medium=article_share&amp;utm_source=twitter\" target=\"_blank\" rel=\"noreferrer noopener\" aria-label=\"Lire l'article dans La Voix de l'Est (s\u2019ouvre dans un nouvel onglet)\">Lire l&rsquo;article dans La Voix de l&rsquo;Est<\/a><\/p>\n","protected":false},"excerpt":{"rendered":"<p>Le 15 mai dernier, la journaliste Myriam Gauthier s\u2019est int\u00e9ress\u00e9e \u00e0 l\u2019histoire du syst\u00e8me hospitalier et de l&rsquo;implication des religieuses dans le r\u00e9seau des soins de sant\u00e9. Dans son article,&#8230;<\/p>\n","protected":false},"author":2,"featured_media":7325,"comment_status":"closed","ping_status":"closed","sticky":false,"template":"","format":"standard","meta":{"_monsterinsights_skip_tracking":false,"_monsterinsights_sitenote_active":false,"_monsterinsights_sitenote_note":"","_monsterinsights_sitenote_category":0,"footnotes":""},"categories":[3],"tags":[],"class_list":["post-7324","post","type-post","status-publish","format-standard","has-post-thumbnail","hentry","category-actualites"],"_links":{"self":[{"href":"https:\/\/chrs.uqam.ca\/index.php\/wp-json\/wp\/v2\/posts\/7324","targetHints":{"allow":["GET"]}}],"collection":[{"href":"https:\/\/chrs.uqam.ca\/index.php\/wp-json\/wp\/v2\/posts"}],"about":[{"href":"https:\/\/chrs.uqam.ca\/index.php\/wp-json\/wp\/v2\/types\/post"}],"author":[{"embeddable":true,"href":"https:\/\/chrs.uqam.ca\/index.php\/wp-json\/wp\/v2\/users\/2"}],"replies":[{"embeddable":true,"href":"https:\/\/chrs.uqam.ca\/index.php\/wp-json\/wp\/v2\/comments?post=7324"}],"version-history":[{"count":0,"href":"https:\/\/chrs.uqam.ca\/index.php\/wp-json\/wp\/v2\/posts\/7324\/revisions"}],"wp:featuredmedia":[{"embeddable":true,"href":"https:\/\/chrs.uqam.ca\/index.php\/wp-json\/wp\/v2\/media\/7325"}],"wp:attachment":[{"href":"https:\/\/chrs.uqam.ca\/index.php\/wp-json\/wp\/v2\/media?parent=7324"}],"wp:term":[{"taxonomy":"category","embeddable":true,"href":"https:\/\/chrs.uqam.ca\/index.php\/wp-json\/wp\/v2\/categories?post=7324"},{"taxonomy":"post_tag","embeddable":true,"href":"https:\/\/chrs.uqam.ca\/index.php\/wp-json\/wp\/v2\/tags?post=7324"}],"curies":[{"name":"wp","href":"https:\/\/api.w.org\/{rel}","templated":true}]}}