{"id":7239,"date":"2020-06-10T13:30:52","date_gmt":"2020-06-10T17:30:52","guid":{"rendered":"https:\/\/chrs.dev.uqam.ca\/?p=7239"},"modified":"2020-06-10T16:50:30","modified_gmt":"2020-06-10T20:50:30","slug":"yuxi-liu-laureate-du-prix-de-la-fondation-jean-charles-bonenfant-de-lassemblee-nationale","status":"publish","type":"post","link":"https:\/\/chrs.uqam.ca\/index.php\/2020\/06\/10\/yuxi-liu-laureate-du-prix-de-la-fondation-jean-charles-bonenfant-de-lassemblee-nationale\/","title":{"rendered":"Yuxi Liu laur\u00e9ate du Prix de la Fondation Jean-Charles-Bonenfant de l&rsquo;Assembl\u00e9e nationale"},"content":{"rendered":"\n<p>Yuxi Liu (Ph.D. Histoire), qui a soutenu avec succ\u00e8s sa th\u00e8se de doctorat \u00e0 l&rsquo;automne dernier, est laur\u00e9ate du <a href=\"http:\/\/www.assnat.qc.ca\/fr\/actualites-salle-presse\/communiques\/CommuniquePresse-5869.html\" target=\"_blank\" rel=\"noreferrer noopener\" aria-label=\"Prix de la Fondation Jean-Charles-Bonenfant de l'Assembl\u00e9e nationale (s\u2019ouvre dans un nouvel onglet)\">Prix de la Fondation Jean-Charles-Bonenfant de l&rsquo;Assembl\u00e9e nationale<\/a> du Qu\u00e9bec 2020. <\/p>\n\n\n\n<p>Sa th\u00e8se \u00ab Les relations transnationales entre le Qu\u00e9bec et la Chine populaire (1960-1980)&nbsp;: acteurs, savoirs et repr\u00e9sentations&nbsp;\u00bb a \u00e9t\u00e9 dirig\u00e9e par Martin Petitclerc, directeur du CHRS, et Yves Denech\u00e8re, professeur d&rsquo;histoire \u00e0 l&rsquo;Universit\u00e9 d&rsquo;Angers en France. Les&nbsp;Prix de la Fondation Jean-Charles-Bonenfant&nbsp;sont attribu\u00e9s aux \u00e9tudiants et \u00e9tudiantes ayant pr\u00e9sent\u00e9 une th\u00e8se de doctorat ou un m\u00e9moire de ma\u00eetrise portant sur la vie politique au Qu\u00e9bec. <\/p>\n\n\n\n<p><em><strong>\u00c0 propos de son projet doctoral : <\/strong><\/em><\/p>\n\n\n\n<p><em>Au Qu\u00e9bec, l\u2019int\u00e9r\u00eat pour la Chine populaire a \u00e9merg\u00e9 durant la premi\u00e8re moiti\u00e9 des ann\u00e9es 1960, et s\u2019est d\u00e9velopp\u00e9 au cours de la d\u00e9cennie suivante. Anim\u00e9s par des motivations diverses, un certain nombre d\u2019individus et d\u2019institutions se sont donn\u00e9 pour objectif de contribuer \u00e0 v\u00e9hiculer une meilleure image de la Chine au sein du peuple canadien et qu\u00e9b\u00e9cois. Ces acteurs se retrouvent au sein de l\u2019universit\u00e9, des syndicats, des groupes mao\u00efstes, des associations d\u2019amiti\u00e9 et des m\u00e9dias. \u00c0 travers divers prismes politiques, sociaux et culturels, ils ont appr\u00e9hend\u00e9 la Chine \u00e0 leurs mani\u00e8res et d\u00e9velopp\u00e9 de nombreuses interactions avec la soci\u00e9t\u00e9 chinoise en amont, au-del\u00e0 et en de\u00e7\u00e0 des relations inter\u00e9tatiques. Ils ont ainsi fa\u00e7onn\u00e9 les repr\u00e9sentations de ce pays dans les sph\u00e8res universitaire, politique et sociale du Qu\u00e9bec.<\/em><\/p>\n\n\n\n<p><em>\u00c0 travers l\u2019\u00e9tude de l\u2019\u00e9volution, de la transmission et de la diffusion des perceptions et des connaissances de la Chine au Qu\u00e9bec, cette th\u00e8se \u00e9claire la circulation des personnes et des id\u00e9es, de m\u00eame que la contribution de la soci\u00e9t\u00e9 civile qu\u00e9b\u00e9coise \u00e0 la \u00ab normalisation \u00bb des relations entre la Chine, le Canada et le Qu\u00e9bec pendant la p\u00e9riode 1960-1980. Cette dimension a \u00e9t\u00e9 trop n\u00e9glig\u00e9e par l\u2019historiographie des relations internationales du Qu\u00e9bec qui est principalement centr\u00e9e sur l\u2019action \u00e9tatique et la politique \u00e9trang\u00e8re. S\u2019appuyant sur un corpus de sources \u00e9tendu et en bonne partie in\u00e9dit (en fran\u00e7ais, anglais et chinois), cette recherche apporte de nouvelles connaissances sur la constitution d\u2019un savoir universitaire sur la Chine au Qu\u00e9bec, sur les courants politiques qu\u00e9b\u00e9cois d\u2019extr\u00eame-gauche, sur les r\u00e9seaux transnationaux d\u2019amiti\u00e9 avec la Chine, et, enfin, sur la politique \u00e9trang\u00e8re de l\u2019\u00c9tat qu\u00e9b\u00e9cois.<\/em><\/p>\n\n\n\n<p>Soulignons que cette th\u00e8se sera publi\u00e9e aupr\u00e8s des Presses de l\u2019Universit\u00e9 de Montr\u00e9al cet automne.<\/p>\n\n\n\n<p>Toute l&rsquo;\u00e9quipe tient \u00e0 f\u00e9liciter chaleureusement Yuxi pour cette distinction fort m\u00e9rit\u00e9e! <\/p>\n","protected":false},"excerpt":{"rendered":"<p>Yuxi Liu (Ph.D. Histoire), qui a soutenu avec succ\u00e8s sa th\u00e8se de doctorat \u00e0 l&rsquo;automne dernier, est laur\u00e9ate du Prix de la Fondation Jean-Charles-Bonenfant de l&rsquo;Assembl\u00e9e nationale du Qu\u00e9bec 2020&#8230;.<\/p>\n","protected":false},"author":2,"featured_media":7240,"comment_status":"closed","ping_status":"closed","sticky":false,"template":"","format":"standard","meta":{"_monsterinsights_skip_tracking":false,"_monsterinsights_sitenote_active":false,"_monsterinsights_sitenote_note":"","_monsterinsights_sitenote_category":0,"footnotes":""},"categories":[3],"tags":[],"class_list":["post-7239","post","type-post","status-publish","format-standard","has-post-thumbnail","hentry","category-actualites"],"_links":{"self":[{"href":"https:\/\/chrs.uqam.ca\/index.php\/wp-json\/wp\/v2\/posts\/7239","targetHints":{"allow":["GET"]}}],"collection":[{"href":"https:\/\/chrs.uqam.ca\/index.php\/wp-json\/wp\/v2\/posts"}],"about":[{"href":"https:\/\/chrs.uqam.ca\/index.php\/wp-json\/wp\/v2\/types\/post"}],"author":[{"embeddable":true,"href":"https:\/\/chrs.uqam.ca\/index.php\/wp-json\/wp\/v2\/users\/2"}],"replies":[{"embeddable":true,"href":"https:\/\/chrs.uqam.ca\/index.php\/wp-json\/wp\/v2\/comments?post=7239"}],"version-history":[{"count":0,"href":"https:\/\/chrs.uqam.ca\/index.php\/wp-json\/wp\/v2\/posts\/7239\/revisions"}],"wp:featuredmedia":[{"embeddable":true,"href":"https:\/\/chrs.uqam.ca\/index.php\/wp-json\/wp\/v2\/media\/7240"}],"wp:attachment":[{"href":"https:\/\/chrs.uqam.ca\/index.php\/wp-json\/wp\/v2\/media?parent=7239"}],"wp:term":[{"taxonomy":"category","embeddable":true,"href":"https:\/\/chrs.uqam.ca\/index.php\/wp-json\/wp\/v2\/categories?post=7239"},{"taxonomy":"post_tag","embeddable":true,"href":"https:\/\/chrs.uqam.ca\/index.php\/wp-json\/wp\/v2\/tags?post=7239"}],"curies":[{"name":"wp","href":"https:\/\/api.w.org\/{rel}","templated":true}]}}