{"id":6935,"date":"2020-04-20T12:27:58","date_gmt":"2020-04-20T16:27:58","guid":{"rendered":"https:\/\/chrs.dev.uqam.ca\/?p=6935"},"modified":"2020-04-20T12:31:06","modified_gmt":"2020-04-20T16:31:06","slug":"francois-guerard-et-francois-olivier-dorais-presentent-le-dossier-comment-la-pandemie-de-grippe-de-1918-a-change-le-quebec-dans-le-quotidien-de-chicoutimi","status":"publish","type":"post","link":"https:\/\/chrs.uqam.ca\/index.php\/2020\/04\/20\/francois-guerard-et-francois-olivier-dorais-presentent-le-dossier-comment-la-pandemie-de-grippe-de-1918-a-change-le-quebec-dans-le-quotidien-de-chicoutimi\/","title":{"rendered":"Fran\u00e7ois Gu\u00e9rard et Fran\u00e7ois-Olivier Dorais pr\u00e9sentent le dossier \u00ab Comment la pand\u00e9mie de grippe de 1918 a chang\u00e9 le Qu\u00e9bec \u00bb"},"content":{"rendered":"\n<p>Fran\u00e7ois Gu\u00e9rard, membre r\u00e9gulier du CHRS et professeur retrait\u00e9 de l&rsquo;UQAC, co-signe le dossier <a rel=\"noreferrer noopener\" aria-label=\"\u00abComment la pand\u00e9mie de grippe de 1918 a chang\u00e9 le Qu\u00e9bec\u00bb (s\u2019ouvre dans un nouvel onglet)\" href=\"https:\/\/www.lequotidien.com\/actualites\/comment-la-pandemie-de-grippe-de-1918-a-change-le-quebec-c0495ed592285ef0a86fbe756b82ccca?fbclid=IwAR0AvnhzU9hst0idtSnLRB3IhkBgM2peXv9RZkEisAUahhnrSp-mxcPRhuU\" target=\"_blank\">\u00ab Comment la pand\u00e9mie de grippe de 1918 a chang\u00e9 le Qu\u00e9bec \u00bb<\/a> dans Le Quotidien de Chicoutimi sur les changements occasionn\u00e9s par l&rsquo;\u00e9pid\u00e9mie d&rsquo;influenza de 1918 avec son coll\u00e8gue Fran\u00e7ois-Oliver Dorais.<\/p>\n\n\n\n<p>Introduction : \u00ab Avec la crise de la COVID-19, le Qu\u00e9bec vit un \u00e9v\u00e9nement historique d\u2019une rare intensit\u00e9. Pour mieux comprendre notre br\u00fblante actualit\u00e9, nous proposons de jeter un coup d\u2019\u0153il dans le r\u00e9troviseur du pass\u00e9. Si l\u2019on ne peut pr\u00e9dire exactement comment la pand\u00e9mie de coronavirus modifiera notre existence, l\u2019histoire nous montre que l\u2019\u00e9pid\u00e9mie d\u2019influenza de 1918, son point de comparaison le plus r\u00e9cent dans l\u2019histoire, a \u00e9t\u00e9 un important acc\u00e9l\u00e9rateur de changements sociaux et politiques au Qu\u00e9bec. Retour sur les cons\u00e9quences historiques de celle que l\u2019on nomme souvent la \u00ab grippe espagnole \u00bb, bien que son origine ait \u00e9t\u00e9 retrac\u00e9e aux \u00c9tats-Unis. \u00bb <\/p>\n\n\n\n<p><a href=\"https:\/\/www.lequotidien.com\/actualites\/comment-la-pandemie-de-grippe-de-1918-a-change-le-quebec-c0495ed592285ef0a86fbe756b82ccca?fbclid=IwAR0AvnhzU9hst0idtSnLRB3IhkBgM2peXv9RZkEisAUahhnrSp-mxcPRhuU\" target=\"_blank\" rel=\"noreferrer noopener\" aria-label=\"Consulter le dossier (s\u2019ouvre dans un nouvel onglet)\">Consulter le dossier<\/a><\/p>\n","protected":false},"excerpt":{"rendered":"<p>Fran\u00e7ois Gu\u00e9rard, membre r\u00e9gulier du CHRS et professeur retrait\u00e9 de l&rsquo;UQAC, co-signe le dossier \u00ab Comment la pand\u00e9mie de grippe de 1918 a chang\u00e9 le Qu\u00e9bec \u00bb dans Le Quotidien&#8230;<\/p>\n","protected":false},"author":2,"featured_media":6936,"comment_status":"closed","ping_status":"closed","sticky":false,"template":"","format":"standard","meta":{"_monsterinsights_skip_tracking":false,"_monsterinsights_sitenote_active":false,"_monsterinsights_sitenote_note":"","_monsterinsights_sitenote_category":0,"footnotes":""},"categories":[3],"tags":[24],"class_list":["post-6935","post","type-post","status-publish","format-standard","has-post-thumbnail","hentry","category-actualites","tag-francois-guerard"],"_links":{"self":[{"href":"https:\/\/chrs.uqam.ca\/index.php\/wp-json\/wp\/v2\/posts\/6935","targetHints":{"allow":["GET"]}}],"collection":[{"href":"https:\/\/chrs.uqam.ca\/index.php\/wp-json\/wp\/v2\/posts"}],"about":[{"href":"https:\/\/chrs.uqam.ca\/index.php\/wp-json\/wp\/v2\/types\/post"}],"author":[{"embeddable":true,"href":"https:\/\/chrs.uqam.ca\/index.php\/wp-json\/wp\/v2\/users\/2"}],"replies":[{"embeddable":true,"href":"https:\/\/chrs.uqam.ca\/index.php\/wp-json\/wp\/v2\/comments?post=6935"}],"version-history":[{"count":0,"href":"https:\/\/chrs.uqam.ca\/index.php\/wp-json\/wp\/v2\/posts\/6935\/revisions"}],"wp:featuredmedia":[{"embeddable":true,"href":"https:\/\/chrs.uqam.ca\/index.php\/wp-json\/wp\/v2\/media\/6936"}],"wp:attachment":[{"href":"https:\/\/chrs.uqam.ca\/index.php\/wp-json\/wp\/v2\/media?parent=6935"}],"wp:term":[{"taxonomy":"category","embeddable":true,"href":"https:\/\/chrs.uqam.ca\/index.php\/wp-json\/wp\/v2\/categories?post=6935"},{"taxonomy":"post_tag","embeddable":true,"href":"https:\/\/chrs.uqam.ca\/index.php\/wp-json\/wp\/v2\/tags?post=6935"}],"curies":[{"name":"wp","href":"https:\/\/api.w.org\/{rel}","templated":true}]}}