{"id":686,"date":"2014-04-17T22:24:18","date_gmt":"2014-04-17T21:24:18","guid":{"rendered":"http:\/\/chrs.cieq.ca\/?p=686"},"modified":"2021-02-11T13:30:40","modified_gmt":"2021-02-11T17:30:40","slug":"francois-fenchel-jean-trepanier-et-donald-fyson-participeront-a-leuropean-social-science-history-conference-a-vienne","status":"publish","type":"post","link":"https:\/\/chrs.uqam.ca\/index.php\/2014\/04\/17\/francois-fenchel-jean-trepanier-et-donald-fyson-participeront-a-leuropean-social-science-history-conference-a-vienne\/","title":{"rendered":"Fran\u00e7ois Fenchel, Jean Tr\u00e9panier et Donald Fyson participeront \u00e0 l&rsquo;European Social Science History Conference \u00e0 Vienne"},"content":{"rendered":"<p class=\"p1\"><span class=\"s1\">Dans le cadre de l&rsquo;<a href=\"https:\/\/esshc.socialhistory.org\/conferences\/esshc-vienna-2014\"><em><span class=\"s2\">European Social Science History Conference<\/span><\/em><\/a> qui se tiendra \u00e0 Vienne du 23 au 26 avril, <a href=\"\/index.php\/a-propos\/equipe\/membres-reguliers\/francois-fenchel\/\"><span class=\"s2\">Fran\u00e7ois Fenchel<\/span><\/a> et <a href=\"\/index.php\/a-propos\/equipe\/membres-reguliers\/jean-trepanier\/\"><span class=\"s2\">Jean Tr\u00e9panier<\/span><\/a>, tous deux chercheurs au CHRS, pr\u00e9senteront conjointement une communication intitul\u00e9e \u00ab<em>Young adults or old juveniles? The impact of raising the age of criminal majority on the Montreal Juvenile Court in the 1940s \u00bb<\/em>. La s\u00e9ance sera pr\u00e9sid\u00e9e par <a href=\"\/index.php\/a-propos\/equipe\/chercheurs-affilies\/david-niget\/\"><span class=\"s2\">David Niget<\/span>,<\/a> chercheur affili\u00e9 au CHRS. <a href=\"https:\/\/chrs.uqam.ca\/chercheurs\/donald-fyson\"><span class=\"s2\">Donald Fyson<\/span><\/a>, \u00e9galement chercheur au centre,\u00a0y pr\u00e9sentera quant \u00e0 lui une communication intitul\u00e9e \u00ab<em>Using and Adapting European Criminal Law in a Colonial Setting : Quebec, 1670-1892<\/em>\u00bb.<\/span><\/p>\n<p class=\"p1\"><img loading=\"lazy\" decoding=\"async\" class=\"size-medium wp-image-1761 alignright\" src=\"\/wp-content\/uploads\/2014\/04\/esshc-logo-2012-300x62.png\" alt=\"\" width=\"300\" height=\"62\" \/><\/p>\n<p class=\"p1\"><span class=\"s1\">Profitant de ce passage en Europe, <a href=\"\/index.php\/a-propos\/equipe\/chercheurs-affilies\/david-niget\/\">Jean Tr\u00e9panier<\/a> donnera \u00e9galement un cours \u00e0 l&rsquo;Universit\u00e9 catholique de Louvain dans le cadre du Certificat en approche disciplinaire en doits de l&rsquo;enfant. Ses pr\u00e9sentations porteront d&rsquo;abord sur la naissance et le d\u00e9veloppement de la justice des mineurs puis sur la capacit\u00e9 de la justice des mineurs d&rsquo;atteindre les objectifs qui lui sont assign\u00e9s.<\/span><\/p>\n","protected":false},"excerpt":{"rendered":"<p>Dans le cadre de l&rsquo;European Social Science History Conference qui se tiendra \u00e0 Vienne du 23 au 26 avril, Fran\u00e7ois Fenchel et Jean Tr\u00e9panier, tous deux chercheurs au CHRS, pr\u00e9senteront&#8230;<\/p>\n","protected":false},"author":3,"featured_media":1761,"comment_status":"closed","ping_status":"closed","sticky":false,"template":"","format":"standard","meta":{"_monsterinsights_skip_tracking":false,"_monsterinsights_sitenote_active":false,"_monsterinsights_sitenote_note":"","_monsterinsights_sitenote_category":0,"footnotes":""},"categories":[5],"tags":[27,6,15,22,26],"class_list":["post-686","post","type-post","status-publish","format-standard","has-post-thumbnail","hentry","category-colloques-et-conferences","tag-aurore-francois","tag-david-niget","tag-donald-fyson","tag-francois-fenchel","tag-jean-trepanier"],"_links":{"self":[{"href":"https:\/\/chrs.uqam.ca\/index.php\/wp-json\/wp\/v2\/posts\/686","targetHints":{"allow":["GET"]}}],"collection":[{"href":"https:\/\/chrs.uqam.ca\/index.php\/wp-json\/wp\/v2\/posts"}],"about":[{"href":"https:\/\/chrs.uqam.ca\/index.php\/wp-json\/wp\/v2\/types\/post"}],"author":[{"embeddable":true,"href":"https:\/\/chrs.uqam.ca\/index.php\/wp-json\/wp\/v2\/users\/3"}],"replies":[{"embeddable":true,"href":"https:\/\/chrs.uqam.ca\/index.php\/wp-json\/wp\/v2\/comments?post=686"}],"version-history":[{"count":0,"href":"https:\/\/chrs.uqam.ca\/index.php\/wp-json\/wp\/v2\/posts\/686\/revisions"}],"wp:featuredmedia":[{"embeddable":true,"href":"https:\/\/chrs.uqam.ca\/index.php\/wp-json\/wp\/v2\/media\/1761"}],"wp:attachment":[{"href":"https:\/\/chrs.uqam.ca\/index.php\/wp-json\/wp\/v2\/media?parent=686"}],"wp:term":[{"taxonomy":"category","embeddable":true,"href":"https:\/\/chrs.uqam.ca\/index.php\/wp-json\/wp\/v2\/categories?post=686"},{"taxonomy":"post_tag","embeddable":true,"href":"https:\/\/chrs.uqam.ca\/index.php\/wp-json\/wp\/v2\/tags?post=686"}],"curies":[{"name":"wp","href":"https:\/\/api.w.org\/{rel}","templated":true}]}}