{"id":684,"date":"2014-04-24T22:18:40","date_gmt":"2014-04-24T21:18:40","guid":{"rendered":"http:\/\/chrs.cieq.ca\/?p=684"},"modified":"2018-09-18T10:46:51","modified_gmt":"2018-09-18T14:46:51","slug":"une-seance-chrs-au-congres-de-la-society-for-french-historical-studies-a-luqam","status":"publish","type":"post","link":"https:\/\/chrs.uqam.ca\/index.php\/2014\/04\/24\/une-seance-chrs-au-congres-de-la-society-for-french-historical-studies-a-luqam\/","title":{"rendered":"Une s\u00e9ance CHRS au Congr\u00e8s de la Society for French Historical Studies \u00e0 l&rsquo;UQAM"},"content":{"rendered":"<p>&nbsp;<\/p>\n<p class=\"p1\"><span class=\"s1\"><img loading=\"lazy\" decoding=\"async\" class=\"size-medium wp-image-1757 alignright\" src=\"\/wp-content\/uploads\/2014\/04\/logo-60e-congres-2014-300x117.jpg\" alt=\"\" width=\"300\" height=\"117\" srcset=\"https:\/\/chrs.uqam.ca\/wp-content\/uploads\/2014\/04\/logo-60e-congres-2014-300x117.jpg 300w, https:\/\/chrs.uqam.ca\/wp-content\/uploads\/2014\/04\/logo-60e-congres-2014.jpg 380w\" sizes=\"auto, (max-width: 300px) 100vw, 300px\" \/>Dans le cadre du <a href=\"http:\/\/sfhs2014.uqam.ca\/\"><span class=\"s2\">Congr\u00e8s de la <em>Society for French Historical Studies<\/em><\/span><\/a>, le CHRS organise une s\u00e9ance double sur le th\u00e8me : \u00abProtection de l&rsquo;enfance et citoyennet\u00e9 en France et au Qu\u00e9bec (19e &#8211; 20e si\u00e8cles). Les s\u00e9ances auront lieu \u00e0 l&rsquo;UQAM, le vendredi le 25 avril prochain; la premi\u00e8re de 8h30 \u00e0 10h15 au local V-2410 et la seconde de 10h30 \u00e0 12h15 au local V-4410.<\/span><\/p>\n<p class=\"p1\"><span class=\"s1\">En voici le programme :<\/span><\/p>\n<p class=\"p1\"><span class=\"s1\">Pr\u00e9sidence : Am\u00e9lie Bourbeau, Universit\u00e9 de Sherbrooke.<\/span><\/p>\n<p class=\"p3\"><span class=\"s1\"><b>S\u00e9ance 1<\/b><\/span><\/p>\n<p class=\"p1\"><span class=\"s1\">Yves D\u00e9n\u00e9ch\u00e8re, Universit\u00e9 d&rsquo;Angers : \u00abParrainages d&rsquo;enfants et citoyennet\u00e9, France et Qu\u00e9bec, 20e si\u00e8cle\u00bb.<\/span><\/p>\n<p class=\"p3\"><a href=\"\/index.php\/a-propos\/equipe\/membres-reguliers\/janice-harvey\/\"><span class=\"s2\">Janice Harvey<\/span><\/a><span class=\"s1\">, Coll\u00e8ge Dawson : \u00ab&rsquo;But families have no specialized workers!&rsquo; : Institutional care versus foster care in child protection, 19th and early 20th century in Montr\u00e9al\u00bb.<\/span><\/p>\n<p class=\"p3\"><a href=\"\/index.php\/a-propos\/equipe\/membres-reguliers\/martin-petitclerc\/\"><span class=\"s2\">Martin Petitclerc<\/span><\/a><span class=\"s1\">, UQAM : \u00abLa naissance comme &lsquo;accident providentiel&rsquo;. L&rsquo;enfant, le &lsquo;risque de la famille&rsquo; et le d\u00e9bat sur les allocations familiales au Qu\u00e9bec au d\u00e9but du 20e si\u00e8cle.<\/span><\/p>\n<p class=\"p3\"><span class=\"s1\"><b>S\u00e9ance 2<\/b><\/span><\/p>\n<p class=\"p1\"><span class=\"s1\">\u00c9ric Pierre, Universit\u00e9 d&rsquo;Angers : \u00abFormer des travailleurs mais aussi des citoyens : la r\u00e9forme de l&rsquo;\u00e9ducation surveill\u00e9e en France (1945-1955)\u00bb.<\/span><\/p>\n<p class=\"p1\"><span class=\"s1\">Pascale Quincy-Lefebvre, Universit\u00e9 d&rsquo;Angers : \u00abLa citoyennet\u00e9, ses contours et la protection de l&rsquo;enfance : l&rsquo;hydre de la d\u00e9nonciation dans le d\u00e9bat associatif fran\u00e7ais des ann\u00e9es 70\u00bb.<\/span><\/p>\n<p class=\"p3\"><a href=\"\/index.php\/a-propos\/equipe\/membres-reguliers\/louise-bienvenue\/\"><span class=\"s2\">Louise Bienvenue<\/span><\/a><span class=\"s1\">, Universit\u00e9 de Sherbrooke : \u00abDe voyou \u00e0 citoyen. L&rsquo;instruction des d\u00e9linquants dans le Qu\u00e9bec d&rsquo;apr\u00e8s-guerre\u00bb.<\/span><\/p>\n<p class=\"p1\"><span class=\"s1\">Commentaire : Am\u00e9lie Bourbeau, Universit\u00e9 de Sherbrooke.<\/span><\/p>\n<p class=\"p1\"><span class=\"s1\">Au plaisir de vous y voir!<\/span><\/p>\n","protected":false},"excerpt":{"rendered":"<p>&nbsp; Dans le cadre du Congr\u00e8s de la Society for French Historical Studies, le CHRS organise une s\u00e9ance double sur le th\u00e8me : \u00abProtection de l&rsquo;enfance et citoyennet\u00e9 en France&#8230;<\/p>\n","protected":false},"author":3,"featured_media":1757,"comment_status":"closed","ping_status":"closed","sticky":false,"template":"","format":"standard","meta":{"_monsterinsights_skip_tracking":false,"_monsterinsights_sitenote_active":false,"_monsterinsights_sitenote_note":"","_monsterinsights_sitenote_category":0,"footnotes":""},"categories":[569,5],"tags":[19,4,13],"class_list":["post-684","post","type-post","status-publish","format-standard","has-post-thumbnail","hentry","category-activites-scientifiques-chrs","category-colloques-et-conferences","tag-janice-harvey","tag-louise-bienvenue","tag-martin-petitclerc"],"_links":{"self":[{"href":"https:\/\/chrs.uqam.ca\/index.php\/wp-json\/wp\/v2\/posts\/684","targetHints":{"allow":["GET"]}}],"collection":[{"href":"https:\/\/chrs.uqam.ca\/index.php\/wp-json\/wp\/v2\/posts"}],"about":[{"href":"https:\/\/chrs.uqam.ca\/index.php\/wp-json\/wp\/v2\/types\/post"}],"author":[{"embeddable":true,"href":"https:\/\/chrs.uqam.ca\/index.php\/wp-json\/wp\/v2\/users\/3"}],"replies":[{"embeddable":true,"href":"https:\/\/chrs.uqam.ca\/index.php\/wp-json\/wp\/v2\/comments?post=684"}],"version-history":[{"count":0,"href":"https:\/\/chrs.uqam.ca\/index.php\/wp-json\/wp\/v2\/posts\/684\/revisions"}],"wp:featuredmedia":[{"embeddable":true,"href":"https:\/\/chrs.uqam.ca\/index.php\/wp-json\/wp\/v2\/media\/1757"}],"wp:attachment":[{"href":"https:\/\/chrs.uqam.ca\/index.php\/wp-json\/wp\/v2\/media?parent=684"}],"wp:term":[{"taxonomy":"category","embeddable":true,"href":"https:\/\/chrs.uqam.ca\/index.php\/wp-json\/wp\/v2\/categories?post=684"},{"taxonomy":"post_tag","embeddable":true,"href":"https:\/\/chrs.uqam.ca\/index.php\/wp-json\/wp\/v2\/tags?post=684"}],"curies":[{"name":"wp","href":"https:\/\/api.w.org\/{rel}","templated":true}]}}