{"id":682,"date":"2014-06-02T22:13:45","date_gmt":"2014-06-02T21:13:45","guid":{"rendered":"http:\/\/chrs.cieq.ca\/?p=682"},"modified":"2017-05-03T21:12:03","modified_gmt":"2017-05-04T01:12:03","slug":"lequipe-du-chrs-recoit-une-subvention-du-fonds-de-recherche-quebecois-sur-la-societe-et-la-culture","status":"publish","type":"post","link":"https:\/\/chrs.uqam.ca\/index.php\/2014\/06\/02\/lequipe-du-chrs-recoit-une-subvention-du-fonds-de-recherche-quebecois-sur-la-societe-et-la-culture\/","title":{"rendered":"L&rsquo;\u00e9quipe du CHRS re\u00e7oit une subvention du Fonds de recherche qu\u00e9b\u00e9cois sur la soci\u00e9t\u00e9 et la culture"},"content":{"rendered":"<p class=\"p1\"><span class=\"s1\">L&rsquo;\u00e9quipe du CHRS est heureuse d&rsquo;annoncer l&rsquo;obtention d&rsquo;une subvention \u00c9quipe en renouvellement du <a href=\"http:\/\/www.frqsc.gouv.qc.ca\/fr\/accueil.php\"><span class=\"s2\">Fonds de recherche qu\u00e9b\u00e9cois sur la soci\u00e9t\u00e9 et la culture (FRQSC)<\/span><\/a> pour leur programmation (2014-2018) de recherche intitul\u00e9e<a href=\"\/index.php\/recherche\/realisations\/projets-de-recherche-en-cours\/\"> Le gouvernement de la mis\u00e8re et la citoyennet\u00e9 : pauvret\u00e9, maladie et crime dans l&rsquo;histoire du Qu\u00e9bec.<\/a><\/span><\/p>\n<p class=\"p1\"><span class=\"s1\">La programmation FRQSC du CHRS regroupe les chercheurs suivants :<\/span><\/p>\n<p class=\"p3\"><span class=\"s1\"><b>Chercheur principal<\/b> : <a href=\"\/index.php\/a-propos\/equipe\/membres-reguliers\/martin-petitclerc\/\"><span class=\"s2\">Martin Petitclerc<\/span> <\/a>(Histoire, UQAM).<\/span><\/p>\n<p class=\"p3\"><span class=\"s1\"><b>Chercheur(e)s r\u00e9guliers<\/b> : <span class=\"s2\">Louise Bienvenue<\/span> (Histoire, USherbrooke); <span class=\"s2\">Guy Cucumel<\/span> (\u00c9cole des sciences de la gestion, UQAM); <span class=\"s2\">Fran\u00e7ois Fenchel<\/span> (\u00c9cole de service social, ULaval); <span class=\"s2\">Donald Fyson<\/span> (Histoire, ULaval); <span class=\"s2\">Fran\u00e7ois Gu\u00e9rard<\/span> (Sciences humaines, UQAC); <span class=\"s2\">Janice Harvey<\/span> (Histoire, coll\u00e8ge Dawson); <span class=\"s2\">Marcelo Otero<\/span> (Sociologie, UQAM); <span class=\"s2\">Yvan Rousseau<\/span> (Sciences humaines, UQTR); <span class=\"s2\">Jean Tr\u00e9panier<\/span> (Criminologie, UdMontr\u00e9al).<\/span><\/p>\n<p class=\"p3\"><span class=\"s1\"><b>R\u00e9sum\u00e9 de la programmation <\/b>[extrait]<\/span><\/p>\n<p class=\"p1\"><span class=\"s1\">Si la g\u00e9n\u00e9ralisation de la citoyennet\u00e9 est l&rsquo;un des faits marquants de l&rsquo;histoire occidentale r\u00e9cente, elle n&rsquo;a pas signifi\u00e9 pour autant la fin des rapports de domination. Des \u00e9tudes r\u00e9centes ont mis en lumi\u00e8re les exclusions faites en son nom, puis ont th\u00e9oris\u00e9 la citoyennet\u00e9 comme forme renouvel\u00e9e de l&rsquo;exercice du pouvoir dans la modernit\u00e9. Envisag\u00e9e ainsi, la probl\u00e9matique de la citoyennet\u00e9 ne rel\u00e8ve plus d&rsquo;un statut juridique formel pr\u00e9servant l&rsquo;autonomie du sujet face au pouvoir, mais pointe plut\u00f4t vers l&rsquo;analyse de la transformation des relations de pouvoir autour de l&rsquo;enjeu politique de la reconnaissance de la \u00abcomp\u00e9tence\u00bb citoyenne. Une perspective historique permet alors de constater que, de la transition au lib\u00e9ralisme au milieu du 19e si\u00e8cle \u00e0 la crise r\u00e9cente de l&rsquo;\u00c9tat providence, cet enjeu a nettement suivi le rythme de l&rsquo;histoire du \u00abgouvernement de la mis\u00e8re\u00bb. D&rsquo;o\u00f9 la pertinence d&rsquo;une programmation scientifique qui abordera la tension entre citoyennet\u00e9 et probl\u00e8mes sociaux selon les axes suivants :<\/span><\/p>\n<p class=\"p1\"><span class=\"s1\">Axe 1 : Citoyennet\u00e9 et probl\u00e8mes de pauvret\u00e9 et d&rsquo;in\u00e9galit\u00e9s sociales<\/span><\/p>\n<p class=\"p1\"><span class=\"s1\">Axe 2 : Citoyennet\u00e9 et probl\u00e8mes de maladie et d&rsquo;acc\u00e8s aux soins<\/span><\/p>\n<p class=\"p1\"><span class=\"s1\">Axe 3 : Citoyennet\u00e9 et probl\u00e8mes du crime et de la d\u00e9linquance<\/span><\/p>\n","protected":false},"excerpt":{"rendered":"<p>L&rsquo;\u00e9quipe du CHRS est heureuse d&rsquo;annoncer l&rsquo;obtention d&rsquo;une subvention \u00c9quipe en renouvellement du Fonds de recherche qu\u00e9b\u00e9cois sur la soci\u00e9t\u00e9 et la culture (FRQSC) pour leur programmation (2014-2018) de recherche&#8230;<\/p>\n","protected":false},"author":3,"featured_media":43,"comment_status":"closed","ping_status":"closed","sticky":false,"template":"","format":"standard","meta":{"_monsterinsights_skip_tracking":false,"_monsterinsights_sitenote_active":false,"_monsterinsights_sitenote_note":"","_monsterinsights_sitenote_category":0,"footnotes":""},"categories":[3],"tags":[15,22,24,19,26,13,23],"class_list":["post-682","post","type-post","status-publish","format-standard","has-post-thumbnail","hentry","category-actualites","tag-donald-fyson","tag-francois-fenchel","tag-francois-guerard","tag-janice-harvey","tag-jean-trepanier","tag-martin-petitclerc","tag-yvan-rousseau"],"_links":{"self":[{"href":"https:\/\/chrs.uqam.ca\/index.php\/wp-json\/wp\/v2\/posts\/682","targetHints":{"allow":["GET"]}}],"collection":[{"href":"https:\/\/chrs.uqam.ca\/index.php\/wp-json\/wp\/v2\/posts"}],"about":[{"href":"https:\/\/chrs.uqam.ca\/index.php\/wp-json\/wp\/v2\/types\/post"}],"author":[{"embeddable":true,"href":"https:\/\/chrs.uqam.ca\/index.php\/wp-json\/wp\/v2\/users\/3"}],"replies":[{"embeddable":true,"href":"https:\/\/chrs.uqam.ca\/index.php\/wp-json\/wp\/v2\/comments?post=682"}],"version-history":[{"count":0,"href":"https:\/\/chrs.uqam.ca\/index.php\/wp-json\/wp\/v2\/posts\/682\/revisions"}],"wp:featuredmedia":[{"embeddable":true,"href":"https:\/\/chrs.uqam.ca\/index.php\/wp-json\/wp\/v2\/media\/43"}],"wp:attachment":[{"href":"https:\/\/chrs.uqam.ca\/index.php\/wp-json\/wp\/v2\/media?parent=682"}],"wp:term":[{"taxonomy":"category","embeddable":true,"href":"https:\/\/chrs.uqam.ca\/index.php\/wp-json\/wp\/v2\/categories?post=682"},{"taxonomy":"post_tag","embeddable":true,"href":"https:\/\/chrs.uqam.ca\/index.php\/wp-json\/wp\/v2\/tags?post=682"}],"curies":[{"name":"wp","href":"https:\/\/api.w.org\/{rel}","templated":true}]}}