{"id":6736,"date":"2020-02-25T20:37:20","date_gmt":"2020-02-26T00:37:20","guid":{"rendered":"https:\/\/chrs.dev.uqam.ca\/?p=6736"},"modified":"2020-02-25T20:37:22","modified_gmt":"2020-02-26T00:37:22","slug":"acces-des-diplome-e-s-en-histoire-a-la-profession-enseignante-presence-de-louise-bienvenue-dans-les-medias","status":"publish","type":"post","link":"https:\/\/chrs.uqam.ca\/index.php\/2020\/02\/25\/acces-des-diplome-e-s-en-histoire-a-la-profession-enseignante-presence-de-louise-bienvenue-dans-les-medias\/","title":{"rendered":"Acc\u00e8s des dipl\u00f4m\u00e9.e.s en histoire \u00e0 la profession enseignante : pr\u00e9sence de Louise Bienvenue dans les m\u00e9dias"},"content":{"rendered":"\n<p>Dans la foul\u00e9e de la <a rel=\"noreferrer noopener\" aria-label=\"p\u00e9tition (s\u2019ouvre dans un nouvel onglet)\" href=\"https:\/\/ihaf.qc.ca\/linstitut-dhistoire-de-lamerique-francaise\/interventions-publiques\/\" target=\"_blank\">p\u00e9tition<\/a> initi\u00e9e par l\u2019Institut d\u2019histoire de l\u2019Am\u00e9rique fran\u00e7aise (IHAF) et destin\u00e9e au ministre de l\u2019\u00c9ducation et de l\u2019Enseignement sup\u00e9rieur du Qu\u00e9bec, Louise Bienvenue, membre r\u00e9guli\u00e8re de l&rsquo;\u00e9quipe, est intervenue au sein de certains m\u00e9dias locaux. <\/p>\n\n\n\n<p>Le 21 f\u00e9vrier, la professeure au D\u00e9partement d&rsquo;histoire de l&rsquo;Universit\u00e9 de Sherbrooke, \u00e9tait en <a rel=\"noreferrer noopener\" aria-label=\"entrevue (s\u2019ouvre dans un nouvel onglet)\" href=\"https:\/\/ici.radio-canada.ca\/tele\/le-telejournal-estrie\/site\/segments\/reportage\/156038\/petition-enseignement-secondaire-universite\" target=\"_blank\">entrevue<\/a> au T\u00e9l\u00e9journal Estrie, afin d&rsquo;expliquer le contenu de la p\u00e9tition qui vise \u00e0 favoriser l&rsquo;admissibilit\u00e9 des bacheli\u00e8res et bacheliers en histoire \u00e0 une carri\u00e8re dans l&rsquo;enseignement au secondaire. Louise Bienvenue, a \u00e9galement abord\u00e9 cet enjeu au micro de l&rsquo;\u00e9mission <em><a rel=\"noreferrer noopener\" aria-label=\"\u00c9coutez l'Estrie (s\u2019ouvre dans un nouvel onglet)\" href=\"https:\/\/ici.radio-canada.ca\/premiere\/emissions\/Ecoutez-l-estrie\/episodes\/455434\/rattrapage-du-mercredi-19-fevrier-2020\/7\" target=\"_blank\">\u00c9coutez l&rsquo;Estrie<\/a><\/em> quelques jours auparavant.<\/p>\n\n\n\n<p>La p\u00e9tition presse le gouvernement provincial d&rsquo;instaurer un certificat d&rsquo;un an en p\u00e9dagogie dans le contexte de p\u00e9nurie d&rsquo;enseignant.e.s \u00e0 ce niveau. Cette avenue permettrait en effet aux dipl\u00f4m\u00e9.e.s de diff\u00e9rentes disciplines, dont l&rsquo;histoire, d&rsquo;avoir acc\u00e8s \u00e0 des postes au secondaire.<\/p>\n\n\n\n<p>Pour en savoir plus sur cette intervention publique de l&rsquo;IHAF et signer la p\u00e9tition : <a href=\"https:\/\/ihaf.qc.ca\/linstitut-dhistoire-de-lamerique-francaise\/interventions-publiques\/\">https:\/\/ihaf.qc.ca\/linstitut-dhistoire-de-lamerique-francaise\/interventions-publiques\/<\/a><\/p>\n\n\n\n<p><span style=\"background-color: rgb(232, 234, 235);\"><\/p>\n","protected":false},"excerpt":{"rendered":"<p>Dans la foul\u00e9e de la p\u00e9tition initi\u00e9e par l\u2019Institut d\u2019histoire de l\u2019Am\u00e9rique fran\u00e7aise (IHAF) et destin\u00e9e au ministre de l\u2019\u00c9ducation et de l\u2019Enseignement sup\u00e9rieur du Qu\u00e9bec, Louise Bienvenue, membre r\u00e9guli\u00e8re&#8230;<\/p>\n","protected":false},"author":2,"featured_media":2348,"comment_status":"closed","ping_status":"closed","sticky":false,"template":"","format":"standard","meta":{"_monsterinsights_skip_tracking":false,"_monsterinsights_sitenote_active":false,"_monsterinsights_sitenote_note":"","_monsterinsights_sitenote_category":0,"footnotes":""},"categories":[3],"tags":[4],"class_list":["post-6736","post","type-post","status-publish","format-standard","has-post-thumbnail","hentry","category-actualites","tag-louise-bienvenue"],"_links":{"self":[{"href":"https:\/\/chrs.uqam.ca\/index.php\/wp-json\/wp\/v2\/posts\/6736","targetHints":{"allow":["GET"]}}],"collection":[{"href":"https:\/\/chrs.uqam.ca\/index.php\/wp-json\/wp\/v2\/posts"}],"about":[{"href":"https:\/\/chrs.uqam.ca\/index.php\/wp-json\/wp\/v2\/types\/post"}],"author":[{"embeddable":true,"href":"https:\/\/chrs.uqam.ca\/index.php\/wp-json\/wp\/v2\/users\/2"}],"replies":[{"embeddable":true,"href":"https:\/\/chrs.uqam.ca\/index.php\/wp-json\/wp\/v2\/comments?post=6736"}],"version-history":[{"count":0,"href":"https:\/\/chrs.uqam.ca\/index.php\/wp-json\/wp\/v2\/posts\/6736\/revisions"}],"wp:featuredmedia":[{"embeddable":true,"href":"https:\/\/chrs.uqam.ca\/index.php\/wp-json\/wp\/v2\/media\/2348"}],"wp:attachment":[{"href":"https:\/\/chrs.uqam.ca\/index.php\/wp-json\/wp\/v2\/media?parent=6736"}],"wp:term":[{"taxonomy":"category","embeddable":true,"href":"https:\/\/chrs.uqam.ca\/index.php\/wp-json\/wp\/v2\/categories?post=6736"},{"taxonomy":"post_tag","embeddable":true,"href":"https:\/\/chrs.uqam.ca\/index.php\/wp-json\/wp\/v2\/tags?post=6736"}],"curies":[{"name":"wp","href":"https:\/\/api.w.org\/{rel}","templated":true}]}}