{"id":669,"date":"2014-06-12T21:56:55","date_gmt":"2014-06-12T20:56:55","guid":{"rendered":"http:\/\/chrs.cieq.ca\/?p=669"},"modified":"2018-09-18T10:46:26","modified_gmt":"2018-09-18T14:46:26","slug":"le-colloque-luttes-sociales-et-droit-se-tiendra-les-12-et-13-juin-prochains-a-luqam","status":"publish","type":"post","link":"https:\/\/chrs.uqam.ca\/index.php\/2014\/06\/12\/le-colloque-luttes-sociales-et-droit-se-tiendra-les-12-et-13-juin-prochains-a-luqam\/","title":{"rendered":"Le colloque Luttes sociales et droit se tiendra les 12 et 13 juin prochains \u00e0 l&rsquo;UQAM"},"content":{"rendered":"<p class=\"p1\"><img loading=\"lazy\" decoding=\"async\" class=\"alignnone size-medium wp-image-670\" src=\"\/wp-content\/uploads\/2017\/02\/suffragette_0-300x163.jpg\" alt=\"\" width=\"300\" height=\"163\" srcset=\"https:\/\/chrs.uqam.ca\/wp-content\/uploads\/2017\/02\/suffragette_0-300x163.jpg 300w, https:\/\/chrs.uqam.ca\/wp-content\/uploads\/2017\/02\/suffragette_0.jpg 456w\" sizes=\"auto, (max-width: 300px) 100vw, 300px\" \/><\/p>\n<p class=\"p1\"><span class=\"s1\">Les 12 et 13 juin prochains, au local A-6290 du d\u00e9partement d&rsquo;histoire de l&rsquo;UQAM, se tiendra le colloque multidisciplinaire Luttes sociales et droit, organis\u00e9 par le collectif LSD form\u00e9 de<a href=\"\/index.php\/a-propos\/equipe\/membres-reguliers\/martin-petitclerc\/\"> <span class=\"s2\">Martin Petitclerc<\/span> <\/a>(Histoire UQAM; chercheur CHRS), <a href=\"http:\/\/juris.uqam.ca\/departement\/professeurs-reguliers\/96-bernheim-emmanuelle.html\"><span class=\"s2\">Emmanuelle Bernheim<\/span><\/a>\u00a0(Sciences juridiques UQAM), <a href=\"http:\/\/sociologie.uqam.ca\/departement\/personnel\/professeurs\/ficheProfesseur.html?mId=%252fODWdXZkri8_\"><span class=\"s2\">Elsa Galerand<\/span><\/a>\u00a0(Sociologie UQAM) et <a href=\"http:\/\/juris.uqam.ca\/departement\/professeurs-reguliers\/97-gallie-martin.html\"><span class=\"s2\">Martin Galli\u00e9<\/span><\/a>\u00a0(Sciences juridiques UQAM).<\/span><\/p>\n<p class=\"p1\"><span class=\"s1\">Ce colloque se propose de r\u00e9unir des contributions qui croisent, d&rsquo;une fa\u00e7on critique, l&rsquo;analyse du droit avec celle des mouvements sociaux. Les pr\u00e9sentations s&rsquo;articuleront autour de l&rsquo;impact du droit sur les conditions d&rsquo;\u00e9mergence des mobilisations collectives, sur le d\u00e9veloppement des organisations militantes et leurs proc\u00e9dures d\u00e9lib\u00e9ratives, sur la formulation et la hi\u00e9rarchisation des revendications, sur les r\u00e9pertoires d&rsquo;action collective, sur les strat\u00e9gies r\u00e9pressives du pouvoir, etc.<\/span><\/p>\n<p class=\"p1\"><span class=\"s1\">Horaire : jeudi 12 juin 2014 \u00e0 compter de 13h30; vendredi 13 juin 2014 \u00e0 compter de 10h30.<\/span><\/p>\n<p class=\"p1\"><span class=\"s1\">Pour consulter le programme:<\/span><\/p>\n<p class=\"p1\"><a href=\"\/wp-content\/uploads\/2017\/02\/Programme_LSD_2014-05-30.pdf\">Programme_LSD_2014-05-30<\/a><\/p>\n<p class=\"p1\"><span class=\"s1\">Photo :\u00a0Arrestation d&rsquo;une suffragette, 1913. Source : Arrest of Suffragette &#8211; Oct. 1913; Lot 10825m Library of Congress.<\/span><\/p>\n","protected":false},"excerpt":{"rendered":"<p>Les 12 et 13 juin prochains, au local A-6290 du d\u00e9partement d&rsquo;histoire de l&rsquo;UQAM, se tiendra le colloque multidisciplinaire Luttes sociales et droit, organis\u00e9 par le collectif LSD form\u00e9 de&#8230;<\/p>\n","protected":false},"author":3,"featured_media":670,"comment_status":"closed","ping_status":"closed","sticky":false,"template":"","format":"standard","meta":{"_monsterinsights_skip_tracking":false,"_monsterinsights_sitenote_active":false,"_monsterinsights_sitenote_note":"","_monsterinsights_sitenote_category":0,"footnotes":""},"categories":[569,5],"tags":[],"class_list":["post-669","post","type-post","status-publish","format-standard","has-post-thumbnail","hentry","category-activites-scientifiques-chrs","category-colloques-et-conferences"],"_links":{"self":[{"href":"https:\/\/chrs.uqam.ca\/index.php\/wp-json\/wp\/v2\/posts\/669","targetHints":{"allow":["GET"]}}],"collection":[{"href":"https:\/\/chrs.uqam.ca\/index.php\/wp-json\/wp\/v2\/posts"}],"about":[{"href":"https:\/\/chrs.uqam.ca\/index.php\/wp-json\/wp\/v2\/types\/post"}],"author":[{"embeddable":true,"href":"https:\/\/chrs.uqam.ca\/index.php\/wp-json\/wp\/v2\/users\/3"}],"replies":[{"embeddable":true,"href":"https:\/\/chrs.uqam.ca\/index.php\/wp-json\/wp\/v2\/comments?post=669"}],"version-history":[{"count":0,"href":"https:\/\/chrs.uqam.ca\/index.php\/wp-json\/wp\/v2\/posts\/669\/revisions"}],"wp:featuredmedia":[{"embeddable":true,"href":"https:\/\/chrs.uqam.ca\/index.php\/wp-json\/wp\/v2\/media\/670"}],"wp:attachment":[{"href":"https:\/\/chrs.uqam.ca\/index.php\/wp-json\/wp\/v2\/media?parent=669"}],"wp:term":[{"taxonomy":"category","embeddable":true,"href":"https:\/\/chrs.uqam.ca\/index.php\/wp-json\/wp\/v2\/categories?post=669"},{"taxonomy":"post_tag","embeddable":true,"href":"https:\/\/chrs.uqam.ca\/index.php\/wp-json\/wp\/v2\/tags?post=669"}],"curies":[{"name":"wp","href":"https:\/\/api.w.org\/{rel}","templated":true}]}}